{"id":105523,"date":"2025-12-14T10:29:09","date_gmt":"2025-12-14T10:29:09","guid":{"rendered":"https:\/\/www.europesays.com\/se\/105523\/"},"modified":"2025-12-14T10:29:09","modified_gmt":"2025-12-14T10:29:09","slug":"stina-nilsson-pa-pallen-i-premiaren","status":"publish","type":"post","link":"https:\/\/www.europesays.com\/se\/105523\/","title":{"rendered":"Stina Nilsson p\u00e5 pallen i premi\u00e4ren"},"content":{"rendered":"<p><a data-test-tag=\"internal-link\" href=\"https:\/\/www.aftonbladet.se\/av\/amanda-zaza\" class=\"hyperion-css-13ns1rr\" rel=\"nofollow noopener\" target=\"\" aria-label=\"Se alla artiklar av Amanda Zaza\"><img decoding=\"async\" class=\"image-asset hyperion-css-n6kkq1\" data-test-tag=\"image-asset\" src=\"https:\/\/www.europesays.com\/se\/wp-content\/uploads\/2025\/12\/1765708149_225_be766d86-0a01-427b-a374-88c037ad4655\"  alt=\"\"  loading=\"lazy\" fetchpriority=\"auto\" style=\"aspect-ratio:1900 \/ 1900\"\/><\/a><\/p>\n<p class=\"boxtextgrotesk-root_baa6 hyperion-css-1w346fg\">Uppdaterad 11.15 | Publicerad 11.14<\/p>\n<p>share-arrowDela<\/p>\n<p>unsaveSpara<\/p>\n<p>expand-left<\/p>\n<p>helsk\u00e4rm<img decoding=\"async\" class=\"image-asset hyperion-css-u06ts1\" data-test-tag=\"image-asset\" src=\"https:\/\/www.europesays.com\/se\/wp-content\/uploads\/2025\/12\/f64669ef-24aa-4ec8-b307-6a181886aeaa\"  alt=\"\"  loading=\"eager\" fetchpriority=\"high\" style=\"aspect-ratio:800 \/ 420\"\/> Foto: Bildbyr\u00e5n<\/p>\n<p class=\"hyperion-css-1shl3oz\" data-test-tag=\"lead-text\">Succ\u00e9 direkt i Ski Classics. <\/p>\n<p class=\"hyperion-css-1shl3oz\" data-test-tag=\"lead-text\">Stina Nilsson slutade tv\u00e5a i premi\u00e4ren. <\/p>\n<p class=\"hyperion-css-1shl3oz\" data-test-tag=\"lead-text\">\u2013 Det \u00e4r sk\u00f6nt att f\u00e5 det kvittot, s\u00e4ger hon i Vinterstudion.<\/p>\n<p class=\"hyperion-css-1v9qo5x\"><a data-test-tag=\"internal-link\" href=\"https:\/\/www.aftonbladet.se\/tagg\/stina-nilsson\" class=\"hyperion-css-15jkft9\" rel=\"nofollow noopener\" target=\"\" aria-label=\"Stina Nilsson\" theme=\"sportbladet\">Stina Nilsson<\/a> br\u00f6t sig tillsammans med tv\u00e5 norskor, Anniken Gjerde Aln\u00e4s och Silje \u00d6yre Slind loss fr\u00e5n den st\u00f6rre klungan med drygt tio kilometer kvar av det 36 kilometer l\u00e5nga loppet i Bad Gastein. <\/p>\n<p class=\"hyperion-css-1v9qo5x\">Silje \u00d6yre Slind var den som gav sig f\u00f6rst, men Nilsson satte h\u00e5rt mot h\u00e5rt och utmanade Gjerde An\u00e4s. Efter stort spurtdrama fick svenskan dock se sig slagen. <\/p>\n<p class=\"hyperion-css-1v9qo5x\">Nilsson slutade p\u00e5 en andra plats bakom norskan. <\/p>\n<p class=\"hyperion-css-1v9qo5x\">\u2013 Jag f\u00f6rs\u00f6kte sp\u00e4nna b\u00e5gen, men Anniken var starkast i dag, s\u00e4ger hon i Vinterstudion och forts\u00e4tter: <\/p>\n<p class=\"hyperion-css-1v9qo5x\">\u2013 K\u00e4nslan \u00e4r j\u00e4ttebra i kroppen. Jag k\u00e4nner mig j\u00e4ttestark. Det \u00e4r sk\u00f6nt att f\u00e5 det kvittot, s\u00e4ger hon till SVT Sport.<\/p>\n<p class=\"hyperion-css-1v9qo5x\">Kasper Stadaas vann herrloppet.<\/p>\n","protected":false},"excerpt":{"rendered":"Uppdaterad 11.15 | Publicerad 11.14 share-arrowDela unsaveSpara expand-left helsk\u00e4rm Foto: Bildbyr\u00e5n Succ\u00e9 direkt i Ski Classics. Stina Nilsson&hellip;\n","protected":false},"author":2,"featured_media":105524,"comment_status":"","ping_status":"","sticky":false,"template":"","format":"standard","meta":{"footnotes":""},"categories":[5],"tags":[22,23,26,27,17,21,24,25,28,29,15,16,18,34,31,33,32,30,19,20],"class_list":{"0":"post-105523","1":"post","2":"type-post","3":"status-publish","4":"format-standard","5":"has-post-thumbnail","7":"category-rubriker","8":"tag-breaking-news","9":"tag-breakingnews","10":"tag-featured-news","11":"tag-featurednews","12":"tag-headlines","13":"tag-huvudnyheter","14":"tag-latest-news","15":"tag-latestnews","16":"tag-main-news","17":"tag-mainnews","18":"tag-news","19":"tag-nyheter","20":"tag-rubriker","21":"tag-se","22":"tag-svenska","23":"tag-sverige","24":"tag-sweden","25":"tag-swedish","26":"tag-top-stories","27":"tag-topstories"},"share_on_mastodon":{"url":"https:\/\/pubeurope.com\/@se\/115717456945044826","error":""},"_links":{"self":[{"href":"https:\/\/www.europesays.com\/se\/wp-json\/wp\/v2\/posts\/105523","targetHints":{"allow":["GET"]}}],"collection":[{"href":"https:\/\/www.europesays.com\/se\/wp-json\/wp\/v2\/posts"}],"about":[{"href":"https:\/\/www.europesays.com\/se\/wp-json\/wp\/v2\/types\/post"}],"author":[{"embeddable":true,"href":"https:\/\/www.europesays.com\/se\/wp-json\/wp\/v2\/users\/2"}],"replies":[{"embeddable":true,"href":"https:\/\/www.europesays.com\/se\/wp-json\/wp\/v2\/comments?post=105523"}],"version-history":[{"count":0,"href":"https:\/\/www.europesays.com\/se\/wp-json\/wp\/v2\/posts\/105523\/revisions"}],"wp:featuredmedia":[{"embeddable":true,"href":"https:\/\/www.europesays.com\/se\/wp-json\/wp\/v2\/media\/105524"}],"wp:attachment":[{"href":"https:\/\/www.europesays.com\/se\/wp-json\/wp\/v2\/media?parent=105523"}],"wp:term":[{"taxonomy":"category","embeddable":true,"href":"https:\/\/www.europesays.com\/se\/wp-json\/wp\/v2\/categories?post=105523"},{"taxonomy":"post_tag","embeddable":true,"href":"https:\/\/www.europesays.com\/se\/wp-json\/wp\/v2\/tags?post=105523"}],"curies":[{"name":"wp","href":"https:\/\/api.w.org\/{rel}","templated":true}]}}