{"id":105525,"date":"2025-12-14T10:31:20","date_gmt":"2025-12-14T10:31:20","guid":{"rendered":"https:\/\/www.europesays.com\/se\/105525\/"},"modified":"2025-12-14T10:31:20","modified_gmt":"2025-12-14T10:31:20","slug":"erssons-mardrom-gick-i-mal-nast-sist","status":"publish","type":"post","link":"https:\/\/www.europesays.com\/se\/105525\/","title":{"rendered":"Erssons mardr\u00f6m \u2013 gick i m\u00e5l n\u00e4st sist"},"content":{"rendered":"<p><img decoding=\"async\" class=\"image-asset hyperion-css-n6kkq1\" data-test-tag=\"image-asset\" src=\"https:\/\/www.europesays.com\/se\/wp-content\/uploads\/2025\/12\/1765708274_204_a4ff5eb2-1f2f-4f66-b6a5-9fa391183945\"  alt=\"\"  loading=\"lazy\" fetchpriority=\"auto\" style=\"aspect-ratio:1900 \/ 1900\"\/><img decoding=\"async\" class=\"image-asset hyperion-css-n6kkq1\" data-test-tag=\"image-asset\" src=\"https:\/\/www.europesays.com\/se\/wp-content\/uploads\/2025\/12\/1765708274_606_be766d86-0a01-427b-a374-88c037ad4655\"  alt=\"\"  loading=\"lazy\" fetchpriority=\"auto\" style=\"aspect-ratio:1900 \/ 1900\"\/><\/p>\n<p class=\"boxtextgrotesk-root_baa6 hyperion-css-1w346fg\">Uppdaterad 11.14 | Publicerad 11.07<\/p>\n<p>share-arrowDela<\/p>\n<p>unsaveSpara<\/p>\n<p>Lyssna p\u00e5 artikelnLyssna p\u00e5&#8230;<\/p>\n<p class=\"hyperion-css-1shl3oz\" data-test-tag=\"lead-text\">DAVOS. Absolut mardr\u00f6m f\u00f6r George Ersson, 24. <\/p>\n<p class=\"hyperion-css-1shl3oz\" data-test-tag=\"lead-text\">N\u00e4r han korsade m\u00e5llinjen \u2013 var han n\u00e4st sist. <\/p>\n<p class=\"hyperion-css-1shl3oz\" data-test-tag=\"lead-text\">\u2013 Det \u00e4r pinsamt, s\u00e4ger han till Sportbladet. <\/p>\n<p><img decoding=\"async\" src=\"https:\/\/www.europesays.com\/se\/wp-content\/uploads\/2025\/12\/04b1bcb090fc54e288cc191466972a4e.jpg\" class=\"thumbnail-image_fbfd thumbnail-portrait_fbfd\" alt=\"Erssons tunga lopp: &quot;Pinsamt \u2013 k\u00e4nner f\u00f6r att bryta&quot;\"\/><\/p>\n<p>Erssons tunga lopp: &#8221;Pinsamt \u2013 k\u00e4nner f\u00f6r att bryta&#8221;<\/p>\n<p>1:35<\/p>\n<p class=\"hyperion-css-1v9qo5x\">Det \u00e4r inte alla som trivs p\u00e5 h\u00f6g h\u00f6jd. Under sprinten hade 24-\u00e5ringen det tufft, och det blev v\u00e4rre \u00f6ver 10 kilometer. <\/p>\n<p class=\"hyperion-css-1v9qo5x\">\u2013 Det \u00e4r det v\u00e4rsta jag gjort i hela mitt liv. Man g\u00e5r ut lugnt och sen sm\u00e4ller det till i benen efter en kilometer, om ens det. Det var s\u00e5 j\u00e4vla&#8230; Det \u00e4r syra i benen och ingen \u00e5terh\u00e4mtning, det kanske var s\u00e5 h\u00e4r Calle k\u00e4nde sig i G\u00e4llivare, s\u00e4ger Ersson till Sportbladet. <\/p>\n<p>expand-left<\/p>\n<p>helsk\u00e4rm<img decoding=\"async\" class=\"image-asset hyperion-css-u06ts1\" data-test-tag=\"image-asset\" src=\"https:\/\/www.europesays.com\/se\/wp-content\/uploads\/2025\/12\/16882d19-7ab0-4da0-85b7-85f1e10ece09\"  alt=\"George Ersson.\"  loading=\"eager\" fetchpriority=\"high\" style=\"aspect-ratio:1900 \/ 1267\"\/>George Ersson. Foto: Maxim Thore \/ Bildbyr\u00e5n\u201dK\u00e4nner bara f\u00f6r att bryta\u201d<\/p>\n<p class=\"hyperion-css-1v9qo5x\">Faktum \u00e4r att han gick ut som 79:e \u00e5kare, och efter 7,4 kilometer l\u00e5g han absolut sist. Men i avslutningen lyckades han g\u00e5 f\u00f6rbi kazaken Vladislav Kovalyov. <\/p>\n<p class=\"hyperion-css-1v9qo5x\">\u2013 Man k\u00e4nner bara f\u00f6r att bryta, och det kommer jag inte g\u00f6ra. Det \u00e4r bara att kriga igenom och g\u00f6ra sitt b\u00e4sta, s\u00e4ger han och forts\u00e4tter: <\/p>\n<p class=\"hyperion-css-1v9qo5x\">\u2013 Man t\u00e4nker p\u00e5 att vilja ta sig ner f\u00f6r backen och ta sig i m\u00e5l s\u00e5 fort man kan, det \u00e4r det som f\u00e5r en att ta sig fram\u00e5t.<\/p>\n<p class=\"hyperion-css-1v9qo5x\"><strong>Hur \u00e4r det att \u00e5ka och k\u00e4nna att placeringarna rinner ifr\u00e5n?<\/strong><\/p>\n<p class=\"hyperion-css-1v9qo5x\">\u2013 Det \u00e4r omotiverande. Det \u00e4r pinsamt, det \u00e4r bara att f\u00f6rs\u00f6ka gl\u00f6mma och sikta in sig p\u00e5 n\u00e4sta.<\/p>\n<p class=\"hyperion-css-1v9qo5x\">H\u00e4rn\u00e4st hoppas han p\u00e5 Tour de Ski, men om det inte blir av s\u00e5 kommer Ersson att \u00e5ka Svenska Cupen. Men f\u00f6rst ska han vila. <\/p>\n<p class=\"hyperion-css-1v9qo5x\">\u2013 Jag ska sova hela v\u00e4gen hem, det ser jag framemot att g\u00f6ra. Jag sov bara fem timmar i natt, s\u00e5 jag beh\u00f6ver sova, avslutar han. <\/p>\n<p class=\"hyperion-css-1v9qo5x\">Ersson slog flera av de andra \u00e5karna fr\u00e5n bl\u00e5b\u00e4rsnationer. <\/p>\n<p><a class=\"default eventpodium-link_3879 hyperion-css-1u8qly9\" href=\"https:\/\/malservice.aftonbladet.se\/langdskidor\/_\/726749\/rapport\" rel=\"noopener nofollow\" data-test-tag=\"external-link\" target=\"_blank\"><\/a><\/p>\n<p>1<\/p>\n<p><img decoding=\"async\" src=\"https:\/\/www.europesays.com\/se\/wp-content\/uploads\/2025\/12\/nor\" alt=\"flagga nor\"\/><\/p>\n<p>E. Hedegart<\/p>\n<p>22:40,07<\/p>\n<p>2<\/p>\n<p><img decoding=\"async\" src=\"https:\/\/www.europesays.com\/se\/wp-content\/uploads\/2025\/12\/nor\" alt=\"flagga nor\"\/><\/p>\n<p>H. \u00d8stberg Amundsen<\/p>\n<p>+0:11,07<\/p>\n<p>3<\/p>\n<p><img decoding=\"async\" src=\"https:\/\/www.europesays.com\/se\/wp-content\/uploads\/2025\/12\/nor\" alt=\"flagga nor\"\/><\/p>\n<p>M. Stenshagen<\/p>\n<p>+0:18,08<\/p>\n<p>4<\/p>\n<p><img decoding=\"async\" src=\"https:\/\/www.europesays.com\/se\/wp-content\/uploads\/2025\/12\/nor\" alt=\"flagga nor\"\/><\/p>\n<p>J. H\u00f8sflot Kl\u00e6bo<\/p>\n<p>+0:24,01<\/p>\n<p>5<\/p>\n<p><img decoding=\"async\" src=\"https:\/\/www.europesays.com\/se\/wp-content\/uploads\/2025\/12\/nor\" alt=\"flagga nor\"\/><\/p>\n<p>M. L\u00f8wstr\u00f8m Nyenget<\/p>\n<p>+0:30,06<\/p>\n<p>15<\/p>\n<p><img decoding=\"async\" src=\"https:\/\/www.europesays.com\/se\/wp-content\/uploads\/2025\/12\/swe\" alt=\"flagga swe\"\/><\/p>\n<p>G. Berglund<\/p>\n<p>+1:04,05<\/p>\n<p>20<\/p>\n<p><img decoding=\"async\" src=\"https:\/\/www.europesays.com\/se\/wp-content\/uploads\/2025\/12\/swe\" alt=\"flagga swe\"\/><\/p>\n<p>E. Anger<\/p>\n<p>+1:11,05<\/p>\n<p>22<\/p>\n<p><img decoding=\"async\" src=\"https:\/\/www.europesays.com\/se\/wp-content\/uploads\/2025\/12\/swe\" alt=\"flagga swe\"\/><\/p>\n<p>J. Ekberg<\/p>\n<p>+1:17,05<\/p>\n<p>29<\/p>\n<p><img decoding=\"async\" src=\"https:\/\/www.europesays.com\/se\/wp-content\/uploads\/2025\/12\/swe\" alt=\"flagga swe\"\/><\/p>\n<p>E. Rosj\u00f6<\/p>\n<p>+1:23,08<\/p>\n<p>53<\/p>\n<p><img decoding=\"async\" src=\"https:\/\/www.europesays.com\/se\/wp-content\/uploads\/2025\/12\/swe\" alt=\"flagga swe\"\/><\/p>\n<p>J. H\u00e4ggstr\u00f6m<\/p>\n<p>+1:53,04<\/p>\n<p>86<\/p>\n<p><img decoding=\"async\" src=\"https:\/\/www.europesays.com\/se\/wp-content\/uploads\/2025\/12\/swe\" alt=\"flagga swe\"\/><\/p>\n<p>G. Ersson<\/p>\n<p>+3:03,04<\/p>\n","protected":false},"excerpt":{"rendered":"Uppdaterad 11.14 | Publicerad 11.07 share-arrowDela unsaveSpara Lyssna p\u00e5 artikelnLyssna p\u00e5&#8230; DAVOS. Absolut mardr\u00f6m f\u00f6r George Ersson, 24.&hellip;\n","protected":false},"author":2,"featured_media":105526,"comment_status":"","ping_status":"","sticky":false,"template":"","format":"standard","meta":{"footnotes":""},"categories":[68],"tags":[34,111,110,31,33,32,30],"class_list":{"0":"post-105525","1":"post","2":"type-post","3":"status-publish","4":"format-standard","5":"has-post-thumbnail","7":"category-sport","8":"tag-se","9":"tag-sport","10":"tag-sports","11":"tag-svenska","12":"tag-sverige","13":"tag-sweden","14":"tag-swedish"},"share_on_mastodon":{"url":"https:\/\/pubeurope.com\/@se\/115717465012337971","error":""},"_links":{"self":[{"href":"https:\/\/www.europesays.com\/se\/wp-json\/wp\/v2\/posts\/105525","targetHints":{"allow":["GET"]}}],"collection":[{"href":"https:\/\/www.europesays.com\/se\/wp-json\/wp\/v2\/posts"}],"about":[{"href":"https:\/\/www.europesays.com\/se\/wp-json\/wp\/v2\/types\/post"}],"author":[{"embeddable":true,"href":"https:\/\/www.europesays.com\/se\/wp-json\/wp\/v2\/users\/2"}],"replies":[{"embeddable":true,"href":"https:\/\/www.europesays.com\/se\/wp-json\/wp\/v2\/comments?post=105525"}],"version-history":[{"count":0,"href":"https:\/\/www.europesays.com\/se\/wp-json\/wp\/v2\/posts\/105525\/revisions"}],"wp:featuredmedia":[{"embeddable":true,"href":"https:\/\/www.europesays.com\/se\/wp-json\/wp\/v2\/media\/105526"}],"wp:attachment":[{"href":"https:\/\/www.europesays.com\/se\/wp-json\/wp\/v2\/media?parent=105525"}],"wp:term":[{"taxonomy":"category","embeddable":true,"href":"https:\/\/www.europesays.com\/se\/wp-json\/wp\/v2\/categories?post=105525"},{"taxonomy":"post_tag","embeddable":true,"href":"https:\/\/www.europesays.com\/se\/wp-json\/wp\/v2\/tags?post=105525"}],"curies":[{"name":"wp","href":"https:\/\/api.w.org\/{rel}","templated":true}]}}