{"id":105529,"date":"2025-12-14T10:36:38","date_gmt":"2025-12-14T10:36:38","guid":{"rendered":"https:\/\/www.europesays.com\/se\/105529\/"},"modified":"2025-12-14T10:36:38","modified_gmt":"2025-12-14T10:36:38","slug":"frys-mediestodet-till-aip-media-svd","status":"publish","type":"post","link":"https:\/\/www.europesays.com\/se\/105529\/","title":{"rendered":"\u201dFrys mediest\u00f6det till AiP media\u201d &#8211; SvD"},"content":{"rendered":"<ol>\n<li><a href=\"https:\/\/news.google.com\/rss\/articles\/CBMiigFBVV95cUxOUlJhOTlvbnpXanJTanhOMEJMT2lqMlhLal8xdk1DVFdpdDhwWVZSTTNRdmZrSkoyODBIR3g0SFJyNDREQ3EtNm95TmJadzhuYU5rSmZaNmliT1I4ZHM5MWFnYll2clpNLTlyUm1MUmdRcDB2VDdMTnFocHViVWZGZkxybEx1NGlVN0E?oc=5\" target=\"_blank\" rel=\"nofollow noopener\">\u201dFrys mediest\u00f6det till AiP media\u201d<\/a>&nbsp;&nbsp;SvD<\/li>\n<li><a href=\"https:\/\/news.google.com\/rss\/articles\/CBMifkFVX3lxTE5GeDhseHFKeEM1S3JybFBhRllFUUNSSUthbE1rQmNsOTVyZHBJT3I3Y1Y3RjdUWDloRmdQWVRqU3B1NzhuUFYyOW11VEwyUDNYcE1DVjVjWUNyczBxOGJ3NU16dEdtWmZYQzNSajVnbTNfeURiejJsQ2xKWlpBUQ?oc=5\" target=\"_blank\" rel=\"nofollow noopener\">LEDARE: Satir utan avs\u00e4ndare \u00e4r inte farligt<\/a>&nbsp;&nbsp;Allehanda.se<\/li>\n<li><a href=\"https:\/\/news.google.com\/rss\/articles\/CBMieEFVX3lxTE1DdzFNTHZidmFldWVmdHNyNmlhSF8wY1VNRzZJTUVoV2RLdENfOFdTMmdqN2pHclZuYXJQd0RMRjJJUVNId1h3YzlLaWpuNnNVRjJvZm9EbTBhVWdtQlk4M09BWWtyZFUxVnFZNG9oQkd0WG1qdm1qRg?oc=5\" target=\"_blank\" rel=\"nofollow noopener\">Liberalerna: Frys mediest\u00f6det f\u00f6r S tidningar<\/a>&nbsp;&nbsp;Omni<\/li>\n<li><a href=\"https:\/\/news.google.com\/rss\/articles\/CBMihwFBVV95cUxQSTltdkZyc2cwRkV3SzRYc0ZjWHpPQXFCNmRIeE1WcGpVVGNxUm95RVpMZ1N0b21TOVp2YXR3ZU8xYkltOVNmWlhpVUtBd3AwZ0VvY2lKMGZuM2NNREYySVF0akVUVVJMVjhEN2RibEN5N21LdFRHbUJHZnZiWjhLbW1ZSmx5bWc?oc=5\" target=\"_blank\" rel=\"nofollow noopener\">LEDARE: Vad s\u00e4ger gr\u00e4sr\u00f6tterna om sossarnas alla skandaler?<\/a>&nbsp;&nbsp;\u00d6stersunds-Posten<\/li>\n<li><a href=\"https:\/\/news.google.com\/rss\/articles\/CBMihwFBVV95cUxQM3FmUGQxY2pxeUxiSjFoODBZYXpJTEJKRmpER2M5ZUh2YTVRNDM4amdORXpaU2xrWmZXWkN1WE92eVdpZmV0d09sYjVLVEpwZkViUlNFenVMUXBmNFRQUTIwUnpGRXplSGJoNXkyS1o1NTI0c3FmNTVrTGMzT0NkdmtVeldMOVE?oc=5\" target=\"_blank\" rel=\"nofollow noopener\">Strandh\u00e4ll f\u00f6rsvarar AiP: \u201dNaturligt att vi ocks\u00e5 \u00e4r offensiva\u201d<\/a>&nbsp;&nbsp;Bulletin<\/li>\n<\/ol>\n","protected":false},"excerpt":{"rendered":"\u201dFrys mediest\u00f6det till AiP media\u201d&nbsp;&nbsp;SvD LEDARE: Satir utan avs\u00e4ndare \u00e4r inte farligt&nbsp;&nbsp;Allehanda.se Liberalerna: Frys mediest\u00f6det f\u00f6r S tidningar&nbsp;&nbsp;Omni&hellip;\n","protected":false},"author":2,"featured_media":105530,"comment_status":"","ping_status":"","sticky":false,"template":"","format":"standard","meta":{"footnotes":""},"categories":[12],"tags":[22,23,26,27,17,21,24,25,28,29,15,16,18,34,31,33,32,30,19,20],"class_list":{"0":"post-105529","1":"post","2":"type-post","3":"status-publish","4":"format-standard","5":"has-post-thumbnail","7":"category-sverige","8":"tag-breaking-news","9":"tag-breakingnews","10":"tag-featured-news","11":"tag-featurednews","12":"tag-headlines","13":"tag-huvudnyheter","14":"tag-latest-news","15":"tag-latestnews","16":"tag-main-news","17":"tag-mainnews","18":"tag-news","19":"tag-nyheter","20":"tag-rubriker","21":"tag-se","22":"tag-svenska","23":"tag-sverige","24":"tag-sweden","25":"tag-swedish","26":"tag-top-stories","27":"tag-topstories"},"share_on_mastodon":{"url":"https:\/\/pubeurope.com\/@se\/115717484340970049","error":""},"_links":{"self":[{"href":"https:\/\/www.europesays.com\/se\/wp-json\/wp\/v2\/posts\/105529","targetHints":{"allow":["GET"]}}],"collection":[{"href":"https:\/\/www.europesays.com\/se\/wp-json\/wp\/v2\/posts"}],"about":[{"href":"https:\/\/www.europesays.com\/se\/wp-json\/wp\/v2\/types\/post"}],"author":[{"embeddable":true,"href":"https:\/\/www.europesays.com\/se\/wp-json\/wp\/v2\/users\/2"}],"replies":[{"embeddable":true,"href":"https:\/\/www.europesays.com\/se\/wp-json\/wp\/v2\/comments?post=105529"}],"version-history":[{"count":0,"href":"https:\/\/www.europesays.com\/se\/wp-json\/wp\/v2\/posts\/105529\/revisions"}],"wp:featuredmedia":[{"embeddable":true,"href":"https:\/\/www.europesays.com\/se\/wp-json\/wp\/v2\/media\/105530"}],"wp:attachment":[{"href":"https:\/\/www.europesays.com\/se\/wp-json\/wp\/v2\/media?parent=105529"}],"wp:term":[{"taxonomy":"category","embeddable":true,"href":"https:\/\/www.europesays.com\/se\/wp-json\/wp\/v2\/categories?post=105529"},{"taxonomy":"post_tag","embeddable":true,"href":"https:\/\/www.europesays.com\/se\/wp-json\/wp\/v2\/tags?post=105529"}],"curies":[{"name":"wp","href":"https:\/\/api.w.org\/{rel}","templated":true}]}}