{"id":10553,"date":"2025-08-21T19:08:07","date_gmt":"2025-08-21T19:08:07","guid":{"rendered":"https:\/\/www.europesays.com\/se\/10553\/"},"modified":"2025-08-21T19:08:07","modified_gmt":"2025-08-21T19:08:07","slug":"elton-hermansson-debuterade-i-modo-sankte-brynas","status":"publish","type":"post","link":"https:\/\/www.europesays.com\/se\/10553\/","title":{"rendered":"Elton Hermansson debuterade i MoDo &#8211; s\u00e4nkte Bryn\u00e4s"},"content":{"rendered":"<p><strong>Nicklas B\u00e4ckstr\u00f6m-effekten \u00e4r p\u00e5taglig i <a href=\"https:\/\/hockeysverige.se\/klubb\/brynas-if\/\" rel=\"nofollow noopener\" target=\"_blank\">Bryn\u00e4s<\/a> under f\u00f6rs\u00e4songen.<br \/>\u00c4nd\u00e5 slutade torsdagens m\u00f6te med <a href=\"https:\/\/hockeysverige.se\/klubb\/modo-hockey\/\" rel=\"nofollow noopener\" target=\"_blank\">MoDo<\/a> slutade 2\u20133 efter f\u00f6rl\u00e4ngning och straffar.<br \/>\u2013\u00a0Det \u00e4r en kraftm\u00e4tning av oss p\u00e5 n\u00e5got s\u00e4tt, s\u00e4ger MoDos Linus Andersson i s\u00e4ndningen.<\/strong><\/p>\n<p><img loading=\"lazy\" decoding=\"async\" width=\"1024\" height=\"658\" src=\"https:\/\/www.europesays.com\/se\/wp-content\/uploads\/2025\/08\/Hermansson-Backstrom-1024x658.webp.webp\" alt=\"\" class=\"wp-image-298227\"  \/>Elton Hermansson och Nicklas B\u00e4ckstr\u00f6m. Foto: Bildbyr\u00e5n (montage).<\/p>\n<p>Bryn\u00e4s ser ut att ha hittat helt r\u00e4tt i powerplay inf\u00f6r <a href=\"https:\/\/hockeysverige.se\/shl\/\" rel=\"nofollow noopener\" target=\"_blank\">SHL<\/a>-s\u00e4songen 2025\/26. <\/p>\n<p>Precis som i f\u00f6rsta f\u00f6rs\u00e4songsmatchen (4\u20131 mot Timr\u00e5) tog det inte l\u00e5ng tid f\u00f6r G\u00e4vle-laget att n\u00e4ta i powerplay i torsdagens m\u00f6te med MoDo. Nicklas B\u00e4ckstr\u00f6m var sj\u00e4lvklart med i f\u00f6rarbetet och Johan Larsson blev siste spelare p\u00e5 pucken n\u00e4r han skickade in en retur bakom MoDos Adam Werner. Men det var bara b\u00f6rjan.<\/p>\n<p>\u00c4ven 2\u20130 kom i numer\u00e4rt \u00f6verl\u00e4ge, men den g\u00e5ngen efter att Jakob Nor\u00e9n f\u00e5tt s\u00e4tta sig i b\u00e5set. B\u00e4ckstr\u00f6m hittade Larsson och Larsson skickade vidare till Jakob Silfverberg. 2\u20130 var ett faktum i den andra perioden.<\/p>\n<p>\u2013 Efter en ganska tr\u00f6g start tycker jag att vi jobbar oss in i matchen. Jag tror att bussresan satt i benen d\u00e4r, s\u00e4ger Nicklas B\u00e4ckstr\u00f6m i s\u00e4ndningen via <a href=\"https:\/\/livesport.expressen.se\/livestream\/s-modo-brynas-0rlcp\" rel=\"nofollow noopener\" target=\"_blank\">Expressen.<\/a><br \/>\u2013 Det \u00e4r s\u00e5klart en viktig spelform. Det g\u00e4ller att ta vara p\u00e5 situationerna, och d\u00e5 \u00e4r det bra att ha f\u00f6rs\u00e4songsmatcher f\u00f6r att tr\u00e4na och repetera, forts\u00e4tter han om powerplay.<\/p>\n<p>MoDo gav dock inte upp. <\/p>\n<p>0\u20132 fr\u00e5n de tv\u00e5 f\u00f6rsta perioderna blev b\u00e5de 1\u20132 och 2\u20132 via David Rundblad och Victor Berglund, och slutet av matchen bj\u00f6d p\u00e5 lite sp\u00e4nning. \u00d6vertiden f\u00f6ljdes n\u00e4mligen av en straffl\u00e4ggning d\u00e4r MoDo till slut drog det l\u00e4ngsta str\u00e5et efter lyckade f\u00f6rs\u00f6k fr\u00e5n Kyle Topping och Linus Andersson.<\/p>\n<p>\u2013 Alla matcher \u00e4r viktiga, \u00e4ven fast det \u00e4r tidigt p\u00e5 f\u00f6rs\u00e4songen s\u00e5 \u00e4r det viktigt. Vi visar f\u00f6r oss sj\u00e4lva ocks\u00e5 att vi \u00e4r ett bra lag. Bryn\u00e4s vann serien f\u00f6rra \u00e5ret och har v\u00e4l inte tappat allt f\u00f6r mycket spelare s\u00e5 det \u00e4r en kraftm\u00e4tning av oss p\u00e5 n\u00e5got s\u00e4tt, s\u00e4ger Andersson till Expressen efter matchen. <\/p>\n<p>17-\u00e5ringen fick debutera i MoDo<\/p>\n<p>17 \u00e5r, 17 p\u00e5 tr\u00f6jan, tillbaka i \u00d6rnsk\u00f6ldsvik.<\/p>\n<p>Torsdagsm\u00f6tet med Bryn\u00e4s innebar, ut\u00f6ver ovanst\u00e5ende, \u00e4ven en debut i MoDos A-lag f\u00f6r <a href=\"https:\/\/hockeysverige.se\/spelare\/elton-hermansson\/\" rel=\"nofollow noopener\" target=\"_blank\">Elton Hermansson<\/a>. Landslagstalangen, som nyligen kommit hem fr\u00e5n Trencin med en silvermedalj i Hlinka Gretzky Cup, tog plats intill M\u00e5ns Carlsson och Alex Swetlikoff i en tredjekedja och fick en hel del istid. <\/p>\n<p>N\u00e4r Victor Berglund skickade in 2\u20132-m\u00e5let f\u00f6r MoDo den tredje perioden var det exempelvis Hermansson som hade st\u00e5tt f\u00f6r f\u00f6rarbetet genom att ta in pucken i offensiv zon och droppa den bakom sig till en medspelare. L\u00e4get f\u00f6r Berglund kom efter att denna pass studsat fram till bladet. <\/p>\n<p>\u2013\u00a0Jag tycker att Bryn\u00e4s har tagit \u00f6ver mer och mer, speciellt i andra. I f\u00f6rsta perioden tycker jag att vi var lite mer p\u00e5, lite j\u00e4mnare steg. Sen tycker jag att vi \u00e4nd\u00e5 spelar ett relativt bra f\u00f6rsvarsspel. Det \u00e4r tv\u00e5 powerplay-m\u00e5l de gjort, s\u00e5\u2026 vi ska f\u00f6rs\u00f6ka lyfta upp v\u00e5rt egna spel och v\u00e5ga h\u00e5lla och spela pucken lite grann. Det \u00e4r det vi \u00e4r bra p\u00e5, s\u00e4ger MoDos David Runblad under s\u00e4ndningen.<\/p>\n<p><strong>MoDo \u2013 Bryn\u00e4s: 3\u20132 straffar <\/strong>(0\u20131, 0\u20131, 2\u20130)<br \/><strong>MoDo: <\/strong>David Rundblad, Victor Berglund.<br \/><strong>Bryn\u00e4s:<\/strong> Johan Larsson, Jakob Silfverberg.<\/p>\n","protected":false},"excerpt":{"rendered":"Nicklas B\u00e4ckstr\u00f6m-effekten \u00e4r p\u00e5taglig i Bryn\u00e4s under f\u00f6rs\u00e4songen.\u00c4nd\u00e5 slutade torsdagens m\u00f6te med MoDo slutade 2\u20133 efter f\u00f6rl\u00e4ngning och&hellip;\n","protected":false},"author":2,"featured_media":10554,"comment_status":"","ping_status":"","sticky":false,"template":"","format":"standard","meta":{"footnotes":""},"categories":[68],"tags":[621,34,133,134,111,110,31,33,32,30],"class_list":{"0":"post-10553","1":"post","2":"type-post","3":"status-publish","4":"format-standard","5":"has-post-thumbnail","7":"category-sport","8":"tag-hockeyallsvenskan","9":"tag-se","10":"tag-second-news","11":"tag-shl","12":"tag-sport","13":"tag-sports","14":"tag-svenska","15":"tag-sverige","16":"tag-sweden","17":"tag-swedish"},"share_on_mastodon":{"url":"","error":""},"_links":{"self":[{"href":"https:\/\/www.europesays.com\/se\/wp-json\/wp\/v2\/posts\/10553","targetHints":{"allow":["GET"]}}],"collection":[{"href":"https:\/\/www.europesays.com\/se\/wp-json\/wp\/v2\/posts"}],"about":[{"href":"https:\/\/www.europesays.com\/se\/wp-json\/wp\/v2\/types\/post"}],"author":[{"embeddable":true,"href":"https:\/\/www.europesays.com\/se\/wp-json\/wp\/v2\/users\/2"}],"replies":[{"embeddable":true,"href":"https:\/\/www.europesays.com\/se\/wp-json\/wp\/v2\/comments?post=10553"}],"version-history":[{"count":0,"href":"https:\/\/www.europesays.com\/se\/wp-json\/wp\/v2\/posts\/10553\/revisions"}],"wp:featuredmedia":[{"embeddable":true,"href":"https:\/\/www.europesays.com\/se\/wp-json\/wp\/v2\/media\/10554"}],"wp:attachment":[{"href":"https:\/\/www.europesays.com\/se\/wp-json\/wp\/v2\/media?parent=10553"}],"wp:term":[{"taxonomy":"category","embeddable":true,"href":"https:\/\/www.europesays.com\/se\/wp-json\/wp\/v2\/categories?post=10553"},{"taxonomy":"post_tag","embeddable":true,"href":"https:\/\/www.europesays.com\/se\/wp-json\/wp\/v2\/tags?post=10553"}],"curies":[{"name":"wp","href":"https:\/\/api.w.org\/{rel}","templated":true}]}}