{"id":105536,"date":"2025-12-14T10:45:33","date_gmt":"2025-12-14T10:45:33","guid":{"rendered":"https:\/\/www.europesays.com\/se\/105536\/"},"modified":"2025-12-14T10:45:33","modified_gmt":"2025-12-14T10:45:33","slug":"sara-attermo-sagar-landslaget-och-linn-lundstrom-efter-vm-fiaskot","status":"publish","type":"post","link":"https:\/\/www.europesays.com\/se\/105536\/","title":{"rendered":"Sara Attermo s\u00e5gar landslaget och Linn Lundstr\u00f6m efter VM-fiaskot"},"content":{"rendered":"<p>Ett svenskt innebandyfiasko.<\/p>\n<p>Nu s\u00e5gar experten Sara Attermo allt och alla och kr\u00e4ver att huvuden rullar.<\/p>\n<p>\u2013 Kan vi bara sluta med nepotismen nu? Ingen i staben ska ha kvar jobbet n\u00e4r planet landar i Sverige, s\u00e4ger hon.<\/p>\n<p><img loading=\"lazy\"   alt=\"\"\/><\/p>\n<p>Deppande svenska spelare efter VM-finalmissen.<\/p>\n<p>Foto: Matyas Klapa \/ www.floorbal.sport<\/p>\n<p>\u00d6ppna bild i helsk\u00e4rm<img loading=\"lazy\"   alt=\"\"\/><\/p>\n<p>Det var den f\u00f6rsta f\u00f6r svensk del p\u00e5 damsidan p\u00e5 20 \u00e5r.<\/p>\n<p>Foto: Matyas Klapa \/ www.floorbal.sport<\/p>\n<p>\u00d6ppna bild i helsk\u00e4rm<img loading=\"lazy\"   alt=\"\"\/><\/p>\n<p>Schweiz var \u00f6verl\u00e4gset i semifinalen och vann med klara 6-3.<\/p>\n<p>Foto: Matej Pasek \/ www.floorbal.sport<\/p>\n<p>\u00d6ppna bild i helsk\u00e4rm<img loading=\"lazy\"   alt=\"\"\/><\/p>\n<p>Sverige, som aldrig missat medalj, spelar bronsmatch mot Finland under s\u00f6ndagen.<\/p>\n<p>Foto: Matej Pasek \/ www.floorbal.sport<\/p>\n<p>\u00d6ppna bild i helsk\u00e4rm<img loading=\"lazy\"   alt=\"\"\/><\/p>\n<p>Linn Lundstr\u00f6m, kritiserad svensk f\u00f6rbundskapten.<\/p>\n<p>Foto: Matyas Klapa \/ www.floorbal.sport<\/p>\n<p>\u00d6ppna bild i helsk\u00e4rmArtikeln i korthet<\/p>\n<p> Svenskt innebandyfiasko \u2013 f\u00f6rsta VM-finalmissen p\u00e5 20 \u00e5r<\/p>\n<p> Experten Sara Attermo kr\u00e4ver att hela ledarstaben byts ut<\/p>\n<p> H\u00e5rd kritik mot nepotism och brist p\u00e5 fyskrav<\/p>\n<p> \u201dIngen ska ha kvar jobbet n\u00e4r planet landar i Sverige\u201d<\/p>\n<p>Visa mer<\/p>\n<p><a href=\"https:\/\/www.expressen.se\/sport\/innebandy\/schweiz-chockstart-pa-vm-semifinalen-sverige-i-chock\/\" rel=\"nofollow noopener\" target=\"_blank\">F\u00f6r f\u00f6rsta g\u00e5ngen p\u00e5 20 \u00e5r missar guldfavoriten Sverige final i innebandy-VM p\u00e5 damsidan.<\/a>\u00a0<\/p>\n<p>Under s\u00f6ndagen kan Sverige f\u00f6r f\u00f6rsta g\u00e5ngen n\u00e5gonsin missa en medalj.<\/p>\n<p>\u2013 Ett dunderfiasko, s\u00e4ger Sara Attermo som \u00e4r damexpert hos Innebandycentralen.<\/p>\n<p>Insatsen mot Schweiz under fredagskv\u00e4llen har hon ingenting gott att s\u00e4ga om.<\/p>\n<p>Ingenting alls.<\/p>\n<p>Mer \u00e4n att det \u00e4r kul f\u00f6r innebandyn med en annan final \u00e4n klassikern Sverige-Finland.<\/p>\n<p>\u2013 Sveriges f\u00f6rsvarsspel var s\u00e5 enormt naivt. Schweiz och Oscar Lundin (f\u00f6rbundskapten) \u00e4gde Sverige och Linn Lundstr\u00f6m (f\u00f6rbundskapten) fullst\u00e4ndigt taktiskt. Han coachade skiten ur Linn. Det var patetiskt. Som ett ungt hungrigt framtidslag m\u00f6tte ett g\u00e4ng veteraner. Det kan vara s\u00e5 att m\u00e5nga av de som varit med och vunnit guld, guld och guld i Sverige blivit lite m\u00e4tta. Sedan var taktiken bedr\u00f6vlig med fel spelare p\u00e5 fel plats.<\/p>\n<p>Attermo: \u201dDet \u00e4r pinsamt\u201d<\/p>\n<p>Sara Attermo hade bland annat velat se b\u00e4nkade Moa Tsch\u00f6p p\u00e5 planen i finalen och ratade Moa Gustafsson med i VM-truppen.<\/p>\n<p>\u2013 Men hon har ju inte varit med p\u00e5 s\u00e4llskapsv\u00e4gen hela v\u00e4gen, s\u00e4ger hon sarkastiskt och syftar p\u00e5 den l\u00e5ngtidsskada som Gustafsson just kommit tillbaka fr\u00e5n.<\/p>\n<p>\u2013 Linn har ju inte valt b\u00e4sta laget utan de som varit med hela v\u00e4gen och \u00e4r bekv\u00e4ma med taktiken. Men det finns ju ingen taktik s\u00e5 det \u00e4r inte v\u00e4rt n\u00e5got. Sedan ska s\u00e5 klart spelarna se sig sj\u00e4lva i \u00f6gonen ocks\u00e5.<\/p>\n<p>Attermo \u2013 som har en l\u00e5ng bakgrund som spelare i SSL och fortfarande huserar i allsvenskan \u2013 menar att det var tydligt att flera i truppen inte var i b\u00e4sta slag.<\/p>\n<p>B\u00e5de formm\u00e4ssigt och fysiskt.<\/p>\n<p>\u2013 Vi ser schweizare vara snabbare och explosivare. Det \u00e4r pinsamt. Sverige ska vara ledande f\u00f6r vi har det b\u00e4sta spelarmaterialet.<\/p>\n<p>Senast Sverige missade VM-final var i Singapore 2005.<\/p>\n<p>D\u00e5 var det samma svarta rubriker.<\/p>\n<p><img loading=\"lazy\"   alt=\"\"\/><\/p>\n<p>Sara Attermo.<\/p>\n<p>Foto: OLLE SPORRONG<\/p>\n<p>\u00d6ppna bild i helsk\u00e4rm<\/p>\n<p>Efter det tog Jan-Erik Vaara \u00f6ver som f\u00f6rbundskapten. Han inf\u00f6rde stenh\u00e5rda fyskrav vilket ledde till att vissa stj\u00e4rnor som tidigare varit givna inte l\u00e4ngre fick dra p\u00e5 sig den bl\u00e5gula tr\u00f6jan.<\/p>\n<p>\u2013 Vi har spelare som \u00e4r j\u00e4ttev\u00e4ltr\u00e4nade, men vi ser spelare som blir s\u00f6ndersprungna ocks\u00e5. S\u00e5 det \u00e4r dags att inf\u00f6ra fyskraven igen och d\u00e5 ska man inte kunna skicka in sina egna resultat f\u00f6r d\u00e5 kan det bli tokigt. Det har jag varit med om.<\/p>\n<p>Annons<\/p>\n<p>\u201dKan vi bara sluta med nepotismen?\u201d<\/p>\n<p>H\u00e5rdast kritik f\u00e5r Linn Lundstr\u00f6m.<\/p>\n<p>Sara Attermo har redan tidigare under h\u00f6sten riktat n\u00e5gra salvor mot f\u00f6rbundskaptenen \u2013 bland annat f\u00f6r hennes ringa erfarenhet.<\/p>\n<p><a href=\"https:\/\/www.expressen.se\/sport\/innebandy\/linn-lundstrom-en-oerfaren-liten-tjej-som-leker-forbundskapten\/?fbclid=IwZXh0bgNhZW0CMTEAYnJpZBExWkNZSlFnOHJ0VnRCTkpDcnNydGMGYXBwX2lkATAAAR6H_L7gQqHzws4LALbPGmPhG3kBT7ejw30GI_jpYzAu4NgKJzEr6LcuSEVO3g_aem_YPJIbaxup-S1qfAy0ayU1Q\" rel=\"nofollow noopener\" target=\"_blank\">N\u00e5got som Lundstr\u00f6m \u00e4ven har svarat p\u00e5 inf\u00f6r m\u00e4sterskapet.<\/a>\u00a0<\/p>\n<p>Nu k\u00e4nner Attermo att hon har f\u00e5tt vatten \u2013 ja, egentligen ett helt v\u00e4rldshav \u2013 p\u00e5 sin kvarn.\u00a0<\/p>\n<p>\u2013 Kan vi bara sluta med nepotismen nu? Det \u00e4r ju Sofie Andersson (landslagschef) som har rekryterat sin kompis Linn och hon har ju knappt varit tr\u00e4nare innan. Sedan \u00e4r Joel Rauswall assisterande. Vad har han gjort? F\u00f6rlorat SM-finaler med Pixbo? Jag antar att han kan bidra med det. \u00c5sa Tjusberg \u00e4r l\u00e4ktarcoach. P\u00e5 vilka meriter? Hon har en brorsa (Per) som \u00e4r skitbra. Sedan \u00e4r Sandra Linder l\u00e4ktarcoach. Hon har spelat innebandy med Linn s\u00e5 jag antar att de \u00e4r bra kompisar. Men vad har hon utr\u00e4ttat? Det \u00e4r allts\u00e5 en landslagschef som tillsatt en f\u00f6rbundskapten utan meriter som i sin tur v\u00e4ljer en stab med \u00e4nnu mindre meriter.\u00a0<\/p>\n<p>Hon forts\u00e4tter:<\/p>\n<p>\u2013 Kan vi bara sluta vara s\u00e5 naiva nu? F\u00f6rut kunde man ha vem som helst som f\u00f6rbundskapten men nu har innebandyn kommit l\u00e4ngre. Det funkar inte l\u00e4ngre. N\u00e4r vi s\u00e4tter denna stab runt landslaget ska det sluta s\u00e5 h\u00e4r. Det vore v\u00e4rre om vi hade vunnit VM-guld. D\u00e5 hade det varit ett bevis p\u00e5 att vi \u00e4r f\u00f6r \u00f6verl\u00e4gsna. N\u00e5gon m\u00e5ste ju granska den h\u00e4r tills\u00e4ttningen. Ska det h\u00e4r verkligen vara det b\u00e4sta Sverige kan \u00e5stadkomma? Oscar Lundin \u00e4r ju ljus\u00e5r b\u00e4ttre. Varf\u00f6r \u00e4r inte han Sveriges f\u00f6rbundskapten? Sverige hade inga l\u00f6sningar p\u00e5 n\u00e5gonting. Ingen h\u00e4r ska ha sina jobb kvar n\u00e4r planet landar i Sverige igen.<\/p>\n<p>\u201dDet \u00e4r ju den tr\u00f6ttaste klyschan\u201d<\/p>\n<p>Efter matchen d\u00f6k f\u00f6rst nyckelspelaren Ellen Rasmussen upp t\u00e5r\u00f6gd i SVT:s intervju och d\u00e4refter Linn Lundstr\u00f6m. \u00c4ven f\u00f6rbundskaptenen s\u00e5g r\u00f6dgr\u00e5ten ut.<\/p>\n<p>Sara Attermo gillade inte det hon s\u00e5g.<\/p>\n<p>\u2013 Sverige har havererat fullst\u00e4ndigt och Linn snyftar och torkar t\u00e5rar. Du ska inte vara ledsen. Du ska vara f\u00f6rbannad och be om urs\u00e4kt. Hon s\u00e4ger att problemet \u00e4r att vi inte g\u00f6r m\u00e5l. Sk\u00e4mtar du? \u00c4r det din analys \u00e4r du \u00e4nnu mer ol\u00e4mplig som f\u00f6rbundskapten. Hur kan du dra den slutsatsen? Det \u00e4r ju den tr\u00f6ttaste klyschan. \u201dKotten\u201d (\u00c5sa Karlsson, tidigare f\u00f6rbundskapten red anm) hittade alltid s\u00e4tt att vinna f\u00f6r hon kunde taktik.\u00a0<\/p>\n<p>Annons<\/p>\n<p><strong>Tror du att Linn Lundstr\u00f6m och staben kommer att f\u00e5 g\u00e5 efter VM?<\/strong><\/p>\n<p>\u2013 Det vore tj\u00e4nstefel om de f\u00e5r forts\u00e4tta, men jag \u00e4r inte s\u00e4ker p\u00e5 att de f\u00e5r g\u00e5 vilket i sig \u00e4r helt sjukt. Men kan f\u00f6rbundet tills\u00e4tta dem kan de s\u00e4kert beh\u00e5lla dem efter det h\u00e4r fiaskot. Men \u00e5ker Sverige hem utan medalj f\u00f6r f\u00f6rsta g\u00e5ngen \u00e4r jag s\u00e4ker p\u00e5 att d\u00e4r g\u00e5r gr\u00e4nsen hos f\u00f6rbundet ocks\u00e5.<\/p>\n<p><strong>Vem vill du se som ny f\u00f6rbundskapten?<\/strong><\/p>\n<p>\u2013 Kan vi f\u00e5 Oscar Lundin?<\/p>\n<p>Oscar Lundin har tidigare tr\u00e4nat Warbergs och Storvretas herrlag i SSL. Han tog \u00f6ver Schweiz damlandslag 2022.<\/p>\n<p>F\u00f6rbundets svar: \u201dInte n\u00f6jda\u201d<\/p>\n<p>Expressen har varit i kontakt med landslagschefen Sofie Andersson. D\u00e5 hon just nu \u00e4r f\u00f6r\u00e4ldraledig bem\u00f6ter Joakim Lindstr\u00f6m, chef f\u00f6r idrottsutveckling p\u00e5 Svenska Innebandyf\u00f6rbundet, kritiken i hennes st\u00e4lle.<\/p>\n<p>P\u00e5 fr\u00e5gan om hur f\u00f6rbundet ser p\u00e5 Sara Attermos anklagelser om nepotism och hur f\u00f6rtroendet ser ut f\u00f6r Linn Lundstr\u00f6m svarar Joakim Lindstr\u00f6m:<\/p>\n<p>\u201dVi \u00e4r mitt under ett p\u00e5g\u00e5ende VM d\u00e4r fokus just nu ligger p\u00e5 den avslutande bronsmatchen. Vi kommer som vanligt att g\u00f6ra en grundlig och utf\u00f6rlig analys \u00f6ver hela VM-cykeln n\u00e4r m\u00e4sterskapet \u00e4r \u00f6ver\u201d, skriver han i ett mejlsvar.<\/p>\n<p><strong>Hur stort misslyckande \u00e4r det att Sverige missar VM-final?<\/strong><\/p>\n<p>\u201dVi har vunnit nio raka VM-guld och Sverige \u00e4r den st\u00f6rsta innebandynationen. V\u00e5r m\u00e5ls\u00e4ttning \u00e4r att g\u00e5 till final vid varje m\u00e4sterskap, s\u00e5 sj\u00e4lvklart \u00e4r vi inte n\u00f6jda och det \u00e4r ett misslyckande att vi har missat v\u00e5r m\u00e5ls\u00e4ttning. Som jag var inne p\u00e5 tidigare s\u00e5 kommer vi att genomf\u00f6ra en utf\u00f6rlig analys av hela VM-cykeln n\u00e4r m\u00e4sterskapet \u00e4r \u00f6ver.\u201d<\/p>\n<p><strong>Hur ska det bli b\u00e4ttre till VM 2027?<\/strong><\/p>\n<p>\u201dHur vi l\u00e4gger upp planen mot 2027 kommer vara en del av den utv\u00e4rdering som kommer att ske efter VM. D\u00e4r v\u00e5r sj\u00e4lvklara m\u00e5ls\u00e4ttning \u00e4r att vinna tillbaka guldet.\u201d<\/p>\n","protected":false},"excerpt":{"rendered":"Ett svenskt innebandyfiasko. Nu s\u00e5gar experten Sara Attermo allt och alla och kr\u00e4ver att huvuden rullar. \u2013 Kan&hellip;\n","protected":false},"author":2,"featured_media":105537,"comment_status":"","ping_status":"","sticky":false,"template":"","format":"standard","meta":{"footnotes":""},"categories":[5],"tags":[22,23,26,27,17,21,24,25,28,29,15,16,11829,18,34,725,31,33,32,30,19,20],"class_list":{"0":"post-105536","1":"post","2":"type-post","3":"status-publish","4":"format-standard","5":"has-post-thumbnail","7":"category-rubriker","8":"tag-breaking-news","9":"tag-breakingnews","10":"tag-featured-news","11":"tag-featurednews","12":"tag-headlines","13":"tag-huvudnyheter","14":"tag-latest-news","15":"tag-latestnews","16":"tag-main-news","17":"tag-mainnews","18":"tag-news","19":"tag-nyheter","20":"tag-organization-sveriges-damlandslag-i-innebandy","21":"tag-rubriker","22":"tag-se","23":"tag-sections-innebandy","24":"tag-svenska","25":"tag-sverige","26":"tag-sweden","27":"tag-swedish","28":"tag-top-stories","29":"tag-topstories"},"share_on_mastodon":{"url":"https:\/\/pubeurope.com\/@se\/115717519677191828","error":""},"_links":{"self":[{"href":"https:\/\/www.europesays.com\/se\/wp-json\/wp\/v2\/posts\/105536","targetHints":{"allow":["GET"]}}],"collection":[{"href":"https:\/\/www.europesays.com\/se\/wp-json\/wp\/v2\/posts"}],"about":[{"href":"https:\/\/www.europesays.com\/se\/wp-json\/wp\/v2\/types\/post"}],"author":[{"embeddable":true,"href":"https:\/\/www.europesays.com\/se\/wp-json\/wp\/v2\/users\/2"}],"replies":[{"embeddable":true,"href":"https:\/\/www.europesays.com\/se\/wp-json\/wp\/v2\/comments?post=105536"}],"version-history":[{"count":0,"href":"https:\/\/www.europesays.com\/se\/wp-json\/wp\/v2\/posts\/105536\/revisions"}],"wp:featuredmedia":[{"embeddable":true,"href":"https:\/\/www.europesays.com\/se\/wp-json\/wp\/v2\/media\/105537"}],"wp:attachment":[{"href":"https:\/\/www.europesays.com\/se\/wp-json\/wp\/v2\/media?parent=105536"}],"wp:term":[{"taxonomy":"category","embeddable":true,"href":"https:\/\/www.europesays.com\/se\/wp-json\/wp\/v2\/categories?post=105536"},{"taxonomy":"post_tag","embeddable":true,"href":"https:\/\/www.europesays.com\/se\/wp-json\/wp\/v2\/tags?post=105536"}],"curies":[{"name":"wp","href":"https:\/\/api.w.org\/{rel}","templated":true}]}}