{"id":105538,"date":"2025-12-14T10:47:48","date_gmt":"2025-12-14T10:47:48","guid":{"rendered":"https:\/\/www.europesays.com\/se\/105538\/"},"modified":"2025-12-14T10:47:48","modified_gmt":"2025-12-14T10:47:48","slug":"mff-redo-att-ga-miste-om-talanger-over-skolkrav-ett-signalvarde-lundhs-podcast","status":"publish","type":"post","link":"https:\/\/www.europesays.com\/se\/105538\/","title":{"rendered":"MFF redo att g\u00e5 miste om talanger \u00f6ver skolkrav: &#8221;Ett signalv\u00e4rde&#8221; &#8211; Lundhs Podcast"},"content":{"rendered":"<p>I februari tappade Malm\u00f6 FF en av Sveriges st\u00f6rsta talanger i 2008-kullen n\u00e4r Milian \u00d6berg l\u00e4mnade f\u00f6r Hammarby IF.<\/p>\n<p>\u00d6verg\u00e5ngen grundade sig i \u00d6bergs skolg\u00e5ng. <\/p>\n<p>F\u00f6r att ta del av MFF:s fotbollsutbildning kr\u00e4vs det att spelaren studerar p\u00e5 n\u00e5gon av gymnasieskolorna MIG eller Procivitas. Men \u00d6bergs meritpo\u00e4ng r\u00e4ckte inte f\u00f6r att komma in d\u00e4r, utan han fick en plats p\u00e5 Malm\u00f6 fria l\u00e4roverk. En skola som ocks\u00e5 har en fotbollsutbildning, men inte i MFF:s regi, och det uppl\u00e4gget gjorde att han missade h\u00e4lften av P19-lagets tr\u00e4ningar p\u00e5 dagtid.<\/p>\n<p>Eftersom MFF har krav p\u00e5 skolg\u00e5ng, trots att skolplikten inte g\u00e4ller gymnasiet, blev situationen oh\u00e5llbar f\u00f6r \u00d6bergs fotbollsutveckling och kontraktet br\u00f6ts.<\/p>\n<p>Per \u00c5gren, sportchef och v\u00e4rdegrundsansvarig i MFF Ungdom, st\u00e5r p\u00e5 sig och menar att klubben inte g\u00f6r undantag f\u00f6r n\u00e5gra talanger. S\u00e5ledes \u00e4r man redo att g\u00e5 miste om fler spelare \u00f6ver sitt skolkrav.<\/p>\n<p>&#8211; Vi tycker det \u00e4r sj\u00e4lvklart att man ska g\u00e5 i skolan, och att man ska ha den m\u00f6jligheten. D\u00e4r tar vi ett ansvar utifr\u00e5n att om vi vill ha mer tid av en spelare s\u00e5 vill vi inte skada skolan. Vi tycker att det \u00e4r viktigt att man g\u00e5r den, s\u00e4ger \u00c5gren i podcasten Lundh och forts\u00e4tter:<\/p>\n<p>&#8211; D\u00e5 m\u00e5ste vi i vissa fall n\u00e4r det kommer till sin spets, som det gjorde i Milian \u00d6berg-fallet, utan att g\u00e5 i detalj p\u00e5 det, n\u00e4r en individ vill satsa allt p\u00e5 fotbollen i v\u00e4ldigt tidig \u00e5lder och inte har gjort sitt gymnasium\u2026 D\u00e5 blir det inte bara en sak mellan den spelaren och oss. Det blir ocks\u00e5 ett v\u00e4ldigt signalv\u00e4rde till alla andra.<\/p>\n<p>&#8211; Vi kunde inte skicka den signalen till alla andra p\u00e5 h\u00f6gstadiet som k\u00e4mpade f\u00f6r att klara betygen, komma in p\u00e5 gymnasiet och samtidigt spela fotboll. S\u00e5 det blev ett v\u00e4ldigt viktigt, och r\u00e4tt enkelt, beslut i slut\u00e4ndan fast\u00e4n vi gick miste om en v\u00e4ldigt talangfull spelare.<\/p>\n<p><strong>Hur m\u00e5nga spelare tappar ni p\u00e5 grund av det, att man d\u00e5 kanske hittar andra alternativ d\u00e4r man har en annan skoll\u00f6sning?<br \/><\/strong>&#8211; \u00c4n s\u00e5 l\u00e4nge har vi inte hamnat i just det valet igen. \u00c4n s\u00e5 l\u00e4nge har vi inte tvingats till att g\u00f6ra n\u00e5gonting liknande. S\u00e5 jag tror inte att det inneb\u00e4r en s\u00e5 stor f\u00f6rlust av spelare.<\/p>\n<p>&#8211; D\u00e4remot \u00e4r jag r\u00e4dd f\u00f6r att det hade blivit en stor f\u00f6rlust i andra som hade velat ta &#8221;the easy way out&#8221;. Att &#8221;nu skiter jag i skolan f\u00f6r att jag ska bli proffs&#8221; och bara k\u00f6r det. Det tycker inte jag \u00e4r en bra v\u00e4g, och de flesta f\u00f6r\u00e4ldrar tycker inte heller det som tur \u00e4r. D\u00e4rf\u00f6r blir det en enklare linje att dra och ett enklare beslut att ta.<\/p>\n<p>Lyssna p\u00e5 hela avsnittet med Per \u00c5gren i spelaren ovan!<\/p>\n<p>H\u00e4r hittar du podden med Per \u00c5gren497 &#8211; Per \u00c5gren<\/p>\n<p>Avsnitt 497av Sveriges nyfiknaste podd g\u00e4stas av Per \u00c5gren. Malm\u00f6 FF:s sportchef f\u00f6r ungdomar talar om uppdraget att utbilda elitspelare, om verksamhetens utfall, om breddverksamheten runt om i Sk\u00e5ne, om tillv\u00e4xten av talangfulla tjejer, om den h\u00e5rdnande konkurrensen om talanger, om FC K\u00f6penhamns aggressiva jakt p\u00e5 svenska talanger, om att Malm\u00f6 FF anstr\u00e4ngde sig f\u00f6r att beh\u00e5lla Roony Bardghji, om det danska fotbollsf\u00f6rbundets framfart i Sverige, om betydelsen av FC Roseng\u00e5rds samarbete med FCK och om det sv\u00e5ra med p\u00e5stridiga agenter som jagar allt yngre spelare.<\/p>\n<p>Dessutom ber\u00e4ttar \u00c5gren om den egna spelarkarri\u00e4ren, om varf\u00f6r han blev kvar s\u00e5 l\u00e4nge i Malm\u00f6 FF, om avslutningen i Helsingborgs IF, om den extremt tuffa starten som sportchef f\u00f6r MFF:s A-lag, om att han inte saknar jobbet, om den kontroversiella v\u00e4rvningen av Djibril Fati och om sonens annorlunda v\u00e4g till spel i Gais.<\/p>\n","protected":false},"excerpt":{"rendered":"I februari tappade Malm\u00f6 FF en av Sveriges st\u00f6rsta talanger i 2008-kullen n\u00e4r Milian \u00d6berg l\u00e4mnade f\u00f6r Hammarby&hellip;\n","protected":false},"author":2,"featured_media":105539,"comment_status":"","ping_status":"","sticky":false,"template":"","format":"standard","meta":{"footnotes":""},"categories":[68],"tags":[34,111,110,31,33,32,30],"class_list":{"0":"post-105538","1":"post","2":"type-post","3":"status-publish","4":"format-standard","5":"has-post-thumbnail","7":"category-sport","8":"tag-se","9":"tag-sport","10":"tag-sports","11":"tag-svenska","12":"tag-sverige","13":"tag-sweden","14":"tag-swedish"},"share_on_mastodon":{"url":"https:\/\/pubeurope.com\/@se\/115717531475725885","error":""},"_links":{"self":[{"href":"https:\/\/www.europesays.com\/se\/wp-json\/wp\/v2\/posts\/105538","targetHints":{"allow":["GET"]}}],"collection":[{"href":"https:\/\/www.europesays.com\/se\/wp-json\/wp\/v2\/posts"}],"about":[{"href":"https:\/\/www.europesays.com\/se\/wp-json\/wp\/v2\/types\/post"}],"author":[{"embeddable":true,"href":"https:\/\/www.europesays.com\/se\/wp-json\/wp\/v2\/users\/2"}],"replies":[{"embeddable":true,"href":"https:\/\/www.europesays.com\/se\/wp-json\/wp\/v2\/comments?post=105538"}],"version-history":[{"count":0,"href":"https:\/\/www.europesays.com\/se\/wp-json\/wp\/v2\/posts\/105538\/revisions"}],"wp:featuredmedia":[{"embeddable":true,"href":"https:\/\/www.europesays.com\/se\/wp-json\/wp\/v2\/media\/105539"}],"wp:attachment":[{"href":"https:\/\/www.europesays.com\/se\/wp-json\/wp\/v2\/media?parent=105538"}],"wp:term":[{"taxonomy":"category","embeddable":true,"href":"https:\/\/www.europesays.com\/se\/wp-json\/wp\/v2\/categories?post=105538"},{"taxonomy":"post_tag","embeddable":true,"href":"https:\/\/www.europesays.com\/se\/wp-json\/wp\/v2\/tags?post=105538"}],"curies":[{"name":"wp","href":"https:\/\/api.w.org\/{rel}","templated":true}]}}