{"id":105542,"date":"2025-12-14T10:54:25","date_gmt":"2025-12-14T10:54:25","guid":{"rendered":"https:\/\/www.europesays.com\/se\/105542\/"},"modified":"2025-12-14T10:54:25","modified_gmt":"2025-12-14T10:54:25","slug":"edvin-anger-om-finalkraschen-bara-skit-sodra-dalarnes-tidning","status":"publish","type":"post","link":"https:\/\/www.europesays.com\/se\/105542\/","title":{"rendered":"Edvin Anger om finalkraschen: \u201dBara skit\u201d &#8211; S\u00f6dra Dalarnes Tidning"},"content":{"rendered":"<ol>\n<li><a href=\"https:\/\/news.google.com\/rss\/articles\/CBMifEFVX3lxTE85TFZONXNrU2l1aFpKNGlKcFNJNkNOOFU1bktvU1l6d09kOGVwYl9fYzV3UlAycktsaU1zTlBMa2RKY0pveEU1bEZBSnlkNlZDZWxQTEpqRWhxcFdnVTJBb3hncWxXb0FQaDdYS2c1U2dmV1ZyU0J4UXk5NVk?oc=5\" target=\"_blank\" rel=\"nofollow noopener\">Edvin Anger om finalkraschen: \u201dBara skit\u201d<\/a>&nbsp;&nbsp;S\u00f6dra Dalarnes Tidning<\/li>\n<li><a href=\"https:\/\/news.google.com\/rss\/articles\/CBMikAFBVV95cUxOU1Q3Tl9ScnM2OVY2UHI2NDFvOUZqeTlZQm5WNGFtamtJU2xMRWFkS2NidUNyRTJrcUY1WnRzQ1JvdkZiQ3pPdlBRQzlSb19QanlVRmF3YjljaUlNMjctblY3VHNhOGdUNXRYZFNMS3ZLRnRFT0t2YVdZc1V3a0dhTzBzcUZZcV92RWhUYkR5WG4?oc=5\" target=\"_blank\" rel=\"nofollow noopener\">Dunderskr\u00e4ll: Kl\u00e4bo utslagen \u2013 och rasande<\/a>&nbsp;&nbsp;Aftonbladet<\/li>\n<li><a href=\"https:\/\/news.google.com\/rss\/articles\/CBMiggFBVV95cUxOeFl0SkJETnJLVmdFYThoMXZGcXp0M0JrbFlOZWkyTmQxd25peFVSZzRlVjNkY25KbjBDYVBkNHM2OEc5RUw1dFdyZkktRlByVFhwM2hMaDd5RjkyM29UZWhEcnJDUlJBWm9VNTgxa280RzNXUEdKN25ybkFEaWlrSmdn?oc=5\" target=\"_blank\" rel=\"nofollow noopener\">Kl\u00e4bos ilska \u2013 flydde direkt<\/a>&nbsp;&nbsp;Expressen<\/li>\n<li><a href=\"https:\/\/news.google.com\/rss\/articles\/CBMinwFBVV95cUxPX0VaV3M4Zl9adWdaRnk4YTdObUFPWDBNUU5tWndSMjRLeXV4T2tyRG5SZE9ZUTQ5N1BpamhIb3lCZl9QSU0yMWVfSU9PMi10VzM2YzY5MVUtN1Z4Ty1zWnNqVHNLZ0l4NWt5WER6STZ5QkpzWXNrNDAxRE5rQ2xiVS1jQm41U19XcmxwM2xMVXZHV2JIZjNyRjlreTdUcDg?oc=5\" target=\"_blank\" rel=\"nofollow noopener\">Vintersport: Norska fiaskot: Johannes H\u00f6sflot Kl\u00e4bo utslagen i sprintkvartsfinal<\/a>&nbsp;&nbsp;SVT Nyheter<\/li>\n<li><a href=\"https:\/\/news.google.com\/rss\/articles\/CBMiQEFVX3lxTE9iZjJBVEF0WUJhczF5VEEtWnp3bDdkRkxHSXAxWGpNLVc5QXYzV1B4UjN0Z0FSUHBzYmtxNVZyMW8?oc=5\" target=\"_blank\" rel=\"nofollow noopener\">Fly f\u00f6rbannad Johannes H\u00f8sflot Kl\u00e6bo i Davos \u2013 sprintkungen missade semifinal f\u00f6r f\u00f6rsta g\u00e5ngen p\u00e5 n\u00e4stan tio \u00e5r<\/a>&nbsp;&nbsp;Yle<\/li>\n<\/ol>\n","protected":false},"excerpt":{"rendered":"Edvin Anger om finalkraschen: \u201dBara skit\u201d&nbsp;&nbsp;S\u00f6dra Dalarnes Tidning Dunderskr\u00e4ll: Kl\u00e4bo utslagen \u2013 och rasande&nbsp;&nbsp;Aftonbladet Kl\u00e4bos ilska \u2013 flydde&hellip;\n","protected":false},"author":2,"featured_media":105543,"comment_status":"","ping_status":"","sticky":false,"template":"","format":"standard","meta":{"footnotes":""},"categories":[5],"tags":[22,23,26,27,17,21,24,25,28,29,15,16,18,34,31,33,32,30,19,20],"class_list":{"0":"post-105542","1":"post","2":"type-post","3":"status-publish","4":"format-standard","5":"has-post-thumbnail","7":"category-rubriker","8":"tag-breaking-news","9":"tag-breakingnews","10":"tag-featured-news","11":"tag-featurednews","12":"tag-headlines","13":"tag-huvudnyheter","14":"tag-latest-news","15":"tag-latestnews","16":"tag-main-news","17":"tag-mainnews","18":"tag-news","19":"tag-nyheter","20":"tag-rubriker","21":"tag-se","22":"tag-svenska","23":"tag-sverige","24":"tag-sweden","25":"tag-swedish","26":"tag-top-stories","27":"tag-topstories"},"share_on_mastodon":{"url":"https:\/\/pubeurope.com\/@se\/115717555165450701","error":""},"_links":{"self":[{"href":"https:\/\/www.europesays.com\/se\/wp-json\/wp\/v2\/posts\/105542","targetHints":{"allow":["GET"]}}],"collection":[{"href":"https:\/\/www.europesays.com\/se\/wp-json\/wp\/v2\/posts"}],"about":[{"href":"https:\/\/www.europesays.com\/se\/wp-json\/wp\/v2\/types\/post"}],"author":[{"embeddable":true,"href":"https:\/\/www.europesays.com\/se\/wp-json\/wp\/v2\/users\/2"}],"replies":[{"embeddable":true,"href":"https:\/\/www.europesays.com\/se\/wp-json\/wp\/v2\/comments?post=105542"}],"version-history":[{"count":0,"href":"https:\/\/www.europesays.com\/se\/wp-json\/wp\/v2\/posts\/105542\/revisions"}],"wp:featuredmedia":[{"embeddable":true,"href":"https:\/\/www.europesays.com\/se\/wp-json\/wp\/v2\/media\/105543"}],"wp:attachment":[{"href":"https:\/\/www.europesays.com\/se\/wp-json\/wp\/v2\/media?parent=105542"}],"wp:term":[{"taxonomy":"category","embeddable":true,"href":"https:\/\/www.europesays.com\/se\/wp-json\/wp\/v2\/categories?post=105542"},{"taxonomy":"post_tag","embeddable":true,"href":"https:\/\/www.europesays.com\/se\/wp-json\/wp\/v2\/tags?post=105542"}],"curies":[{"name":"wp","href":"https:\/\/api.w.org\/{rel}","templated":true}]}}