{"id":105548,"date":"2025-12-14T11:05:08","date_gmt":"2025-12-14T11:05:08","guid":{"rendered":"https:\/\/www.europesays.com\/se\/105548\/"},"modified":"2025-12-14T11:05:08","modified_gmt":"2025-12-14T11:05:08","slug":"maste-vara-arlig-borlange-tidning","status":"publish","type":"post","link":"https:\/\/www.europesays.com\/se\/105548\/","title":{"rendered":"\u201dM\u00e5ste vara \u00e4rlig\u201d \u2013 Borl\u00e4nge Tidning"},"content":{"rendered":"<p>Gustaf Berglund blev b\u00e4ste svensk p\u00e5 15:e plats n\u00e4r Norge p\u00e5 nytt stod f\u00f6r en maktdemonstration p\u00e5 10 kilometer fritt i Davos.<\/p>\n<p>F\u00f6r svenska skidherrarna ser det fortsatt tungt ut.<\/p>\n<p>\u2013 Man m\u00e5ste vara \u00e4rlig och nykter och kolla p\u00e5 avst\u00e5nden upp\u00e5t, s\u00e4ger tr\u00e4naren Lars Ljung till Viaplay.<\/p>\n<p>Berglund slutade dryga minuten efter norske segraren Einar Hedegart, som vann sitt andra millopp i fri stil p\u00e5 raken.<\/p>\n<p>Tekniskt fel<\/p>\n<p class=\"message__text txt-ui txt-ui-2\">V\u00e4nligen f\u00f6rs\u00f6k igen senare.<\/p>\n<p>Den h\u00e4r artikeln \u00e4r bara f\u00f6r prenumeranter<\/p>\n<p class=\"txt-body txt-body-1\">Om du redan \u00e4r prenumerant: logga in!<\/p>\n","protected":false},"excerpt":{"rendered":"Gustaf Berglund blev b\u00e4ste svensk p\u00e5 15:e plats n\u00e4r Norge p\u00e5 nytt stod f\u00f6r en maktdemonstration p\u00e5 10&hellip;\n","protected":false},"author":2,"featured_media":105549,"comment_status":"","ping_status":"","sticky":false,"template":"","format":"standard","meta":{"footnotes":""},"categories":[68],"tags":[34,111,110,31,33,32,30],"class_list":{"0":"post-105548","1":"post","2":"type-post","3":"status-publish","4":"format-standard","5":"has-post-thumbnail","7":"category-sport","8":"tag-se","9":"tag-sport","10":"tag-sports","11":"tag-svenska","12":"tag-sverige","13":"tag-sweden","14":"tag-swedish"},"share_on_mastodon":{"url":"https:\/\/pubeurope.com\/@se\/115717598260776794","error":""},"_links":{"self":[{"href":"https:\/\/www.europesays.com\/se\/wp-json\/wp\/v2\/posts\/105548","targetHints":{"allow":["GET"]}}],"collection":[{"href":"https:\/\/www.europesays.com\/se\/wp-json\/wp\/v2\/posts"}],"about":[{"href":"https:\/\/www.europesays.com\/se\/wp-json\/wp\/v2\/types\/post"}],"author":[{"embeddable":true,"href":"https:\/\/www.europesays.com\/se\/wp-json\/wp\/v2\/users\/2"}],"replies":[{"embeddable":true,"href":"https:\/\/www.europesays.com\/se\/wp-json\/wp\/v2\/comments?post=105548"}],"version-history":[{"count":0,"href":"https:\/\/www.europesays.com\/se\/wp-json\/wp\/v2\/posts\/105548\/revisions"}],"wp:featuredmedia":[{"embeddable":true,"href":"https:\/\/www.europesays.com\/se\/wp-json\/wp\/v2\/media\/105549"}],"wp:attachment":[{"href":"https:\/\/www.europesays.com\/se\/wp-json\/wp\/v2\/media?parent=105548"}],"wp:term":[{"taxonomy":"category","embeddable":true,"href":"https:\/\/www.europesays.com\/se\/wp-json\/wp\/v2\/categories?post=105548"},{"taxonomy":"post_tag","embeddable":true,"href":"https:\/\/www.europesays.com\/se\/wp-json\/wp\/v2\/tags?post=105548"}],"curies":[{"name":"wp","href":"https:\/\/api.w.org\/{rel}","templated":true}]}}