{"id":10555,"date":"2025-08-21T19:09:09","date_gmt":"2025-08-21T19:09:09","guid":{"rendered":"https:\/\/www.europesays.com\/se\/10555\/"},"modified":"2025-08-21T19:09:09","modified_gmt":"2025-08-21T19:09:09","slug":"svt-gift-vid-forsta-ogonkastet-ninni-broberg-om-gravidkampen","status":"publish","type":"post","link":"https:\/\/www.europesays.com\/se\/10555\/","title":{"rendered":"SVT Gift vid f\u00f6rsta \u00f6gonkastet: Ninni Broberg om gravidkampen"},"content":{"rendered":"<p>Publicerad 21 aug 2025 kl 19.00<\/p>\n<p>Ninni och Nicklas Broberg, k\u00e4nda som \u201dpajparet\u201d, gifte sig i f\u00f6rra \u00e5rets s\u00e4song av SVT:s \u201dGift vid f\u00f6rsta \u00f6gonkastet\u201d.\u00a0<\/p>\n<p>Paret l\u00e4ngtade efter att f\u00e5 bli f\u00f6r\u00e4ldrar, och har nu \u00e4ntligen \u201den liten paj i ugnen\u201d.\u00a0<\/p>\n<p>Men v\u00e4gen dit var tuff.<\/p>\n<p>\u2013\u00a0Det tog tio m\u00e5nader fr\u00e5n att vi sa att vi ville f\u00f6rs\u00f6ka till att vi fick ett positivt test.<\/p>\n<p>Dela artikel<\/p>\n<p>Kopiera l\u00e4nk<\/p>\n<p>L\u00e4nk kopierad<\/p>\n<p><a href=\"https:\/\/static.bonniernews.se\/images\/b5\/32\/b532b0b86cd74ed7b80c450b00fbdedc\/16x9\/2560.png\" target=\"_blank\" rel=\"noopener noreferrer nofollow\"><img   alt=\"Nu ber\u00e4ttar Ninni om kampen bakom gravidlyckan.\"\/><\/a><\/p>\n<p>Nu ber\u00e4ttar Ninni om kampen bakom gravidlyckan. Foto: Privat<\/p>\n<p>Vi l\u00e4rde k\u00e4nna Ninni och Nicklas Broberg i f\u00f6rra \u00e5rets s\u00e4song av \u201dGift vid f\u00f6rsta \u00f6gonkastet\u201d. I det \u00e5ttonde avsnittet sa de ja till varandra \u2013 och i sommar kom beskedet de att de v\u00e4ntar sitt f\u00f6rsta barn barn.\u00a0<\/p>\n<p>\u201dEn liten paj i ugnen\u201d, skrev de p\u00e5 Instagram tillsammans med en ultraljudsbild.\u00a0<\/p>\n<p>Men nu ber\u00e4ttar Ninni Broberg att v\u00e4gen till graviditeten var kantad av m\u00e5nga besvikelser.\u00a0<\/p>\n<p>Fr\u00e5n att de b\u00f6rjade f\u00f6rs\u00f6ka visade en l\u00e5ng rad av graviditetstest negativt. Till en b\u00f6rjan f\u00f6rs\u00f6kte tv-profilerna ta det med ro, men eftersom Ninni hade s\u00e5 ont i magen blev det sv\u00e5rt.<\/p>\n<p>\u2013 Det som var tuffast f\u00f6r min del var att min menstruation uteblev i flera m\u00e5nader. S\u00e5 jag tr\u00e4ffade en gynekolog f\u00f6r att g\u00f6ra en unders\u00f6kning, ber\u00e4ttar hon.<\/p>\n<p><a href=\"https:\/\/static.bonniernews.se\/images\/4a\/c4\/4ac45022cc61471f91785dbd5cda6832\/annan\/2560.jpg\" target=\"_blank\" rel=\"noopener noreferrer nofollow\"><img loading=\"lazy\"   alt=\"Ultraljudsbilderna.\"\/><\/a><\/p>\n<p>Ultraljudsbilderna. Foto: Privat<\/p>\n<p>Ninni Broberg<\/p>\n<p><strong>\u00c5lder: <\/strong>28 \u00e5r<\/p>\n<p><strong>Familj: <\/strong>Nicklas, hunden Sigge och bebis i magen\u00a0<\/p>\n<p><strong>G\u00f6r:<\/strong> Jobbar som m\u00e4klarassistent<\/p>\n<p><strong>Bor: <\/strong>T\u00e4by<\/p>\n<p><strong>BF:<\/strong> December\u00a0<\/p>\n<p><strong>Gravidvecka vid intervjun: <\/strong>Vecka 23<\/p>\n<p>Visa mer<\/p>\n<p>Ninni fick beskedet att hon har PCOS, polycystiskt ovarialsyndrom, som orsakas av en obalans av hormoner fr\u00e5n \u00e4ggstockarna. Hon fick ocks\u00e5 veta att det kan ta l\u00e4ngre tid att bli gravid, men att med hj\u00e4lp fanns det en god chans.<\/p>\n<p>\u2013 Jag fick tabletter och m\u00e5naden efter fick jag positivt graviditetstest! Det var en l\u00e4ttnad och gl\u00e4dje! Jag har aldrig tagit f\u00f6r givet att jag kan bli gravid, s\u00e5 d\u00e4rf\u00f6r \u00e4r jag v\u00e4ldigt glad.<\/p>\n<p><strong>Hur m\u00e5r du just nu?\u00a0<\/strong><\/p>\n<p>\u2013 Jag m\u00e5r bra, men \u00e4r tr\u00f6tt och illam\u00e5ende. Kroppen f\u00f6r\u00e4ndras p\u00e5 s\u00e5 m\u00e5nga s\u00e4tt, och jag har f\u00e5tt ryggv\u00e4rk och foglossningssm\u00e4rta. Men trots att det inte \u00e4r en dans p\u00e5 rosor s\u00e5 kommer det alltid vara v\u00e4rt det och jag \u00e4r s\u00e5 otroligt tacksam!<\/p>\n<p>\u2013 Hela sommaren har jag f\u00f6rs\u00f6kt att lyssna p\u00e5 min kropp. Jag har m\u00e4rkt en stor skillnad p\u00e5 hur jag hanterar v\u00e4rmen och st\u00f6dstrumporna har r\u00e4ddat mig m\u00e5nga kv\u00e4llar och n\u00e4tter.<\/p>\n<p><a href=\"https:\/\/static.bonniernews.se\/images\/b8\/4a\/b84aeefc58c74fc49389748f67419c39\/4x3\/2560.png\" target=\"_blank\" rel=\"noopener noreferrer nofollow\"><img loading=\"lazy\"   alt=\"Mycket har h\u00e4nt sedan SVT-programmet spelades in.\"\/><\/a><\/p>\n<p>Mycket har h\u00e4nt sedan SVT-programmet spelades in. Foto: SVT<\/p>\n<p><strong>Vem var den f\u00f6rsta du ber\u00e4ttade om graviditeten f\u00f6r? Hur ber\u00e4ttade du?\u00a0<\/strong><\/p>\n<p>\u2013 Den f\u00f6rsta jag ber\u00e4ttade f\u00f6r var s\u00e5 klart min \u00e4lskade man Nicklas. Jag tog ett graviditetstest en l\u00f6rdagsmorgon och v\u00e5gade inte hoppas f\u00f6r mycket. Jag hade tagit m\u00e5nga tidigare som bara visat negativt, s\u00e5 det var nerv\u00f6st. Det var tidigt s\u00e5 strecket var ganska svagt, men jag gick ut till Nicklas som stod i k\u00f6ket. Jag sa \u201dJag har gjort en sak\u201d och sen visade jag. Vi var b\u00e5da v\u00e4ldigt glada, men ocks\u00e5 nerv\u00f6sa!<\/p>\n<p><strong>Hur l\u00e4nge f\u00f6rs\u00f6kte ni?<\/strong><\/p>\n<p>\u2013 Det tog ungef\u00e4r tio m\u00e5nader fr\u00e5n att vi sa att vi ville f\u00f6rs\u00f6ka till att vi fick ett positivt test.\u00a0<\/p>\n<p><strong>Du ber\u00e4ttade i GVF\u00d6 att du hade magsm\u00e4rtor, hur har det g\u00e5tt?<\/strong><\/p>\n<p>\u2013 V\u00e4ldigt mycket upp och ner. Perioder har best\u00e5tt av starka sm\u00e4rtor, men sedan i h\u00f6stas efter att jag gjorde min senaste behandling s\u00e5 har det varit mer stabilt. Jag hoppas att det kommer att h\u00e5lla i sig.<\/p>\n<p><strong>Har du b\u00f6rjat k\u00e4nna sparkar?<\/strong><\/p>\n<p>\u2013 Ja, \u00e4ntligen! De f\u00f6rsta var som l\u00e4tta fladder, som sen bara blivit starkare och starkare f\u00f6r varje vecka. Jag tycker om att k\u00e4nna att \u201dpyret\u201d, som vi brukar kalla bebisen f\u00f6r, m\u00e5r bra. Men det \u00e4r inte riktigt s\u00e5 mysigt som jag hade hoppats p\u00e5, f\u00f6r det trycker.<\/p>\n<p><strong>Vilken \u00e4r din f\u00f6rsta tanke varje morgon?\u00a0<\/strong><\/p>\n<p>\u2013 Att jag \u00e4r hungrig!<\/p>\n<p><a href=\"https:\/\/static.bonniernews.se\/images\/fa\/c2\/fac2ec68fca84e1db99f7577b3c1c3ee\/annan\/2560.jpg\" target=\"_blank\" rel=\"noopener noreferrer nofollow\"><img loading=\"lazy\"   alt=\"Magen v\u00e4xer.\"\/><\/a><\/p>\n<p>Magen v\u00e4xer. Foto: Privat<\/p>\n<p><strong>Vad i ditt liv kommer du absolut inte ge upp bara f\u00f6r att du blivit mamma?\u00a0<\/strong><\/p>\n<p>\u2013 Mitt st\u00f6rsta intresse \u00e4r bakning och det \u00e4r n\u00e5got som jag vill forts\u00e4tta med. Jag ser \u00e4ven fram emot att g\u00f6ra detta med pyret n\u00e4r det g\u00e5r.<\/p>\n<p><strong>Vad \u00e4r du orolig \u00f6ver?\u00a0<\/strong><\/p>\n<p>\u2013 Just nu \u00e4r jag hyfsat lugn, men det g\u00e5r upp och ner. Jag var ganska orolig fram till vecka 13, f\u00f6r missfall eller att pyret inte skulle utvecklas. Min oro har blivit mindre efter ultraljud och nu n\u00e4r jag kan k\u00e4nna r\u00f6relser.\u00a0<\/p>\n<p><strong>Vilken bebis-pryl har du redan k\u00f6pt?\u00a0<\/strong><\/p>\n<p>\u2013 Vi har bara k\u00f6pt en sak till bebisen och det \u00e4r en pyjamas. Vi k\u00f6pte den n\u00e4r vi hade varit p\u00e5 rutinultraljudet.<\/p>\n<p><strong>N\u00e4r k\u00e4nner du att Nicklas inte f\u00f6rst\u00e5r dig?\u00a0<\/strong><\/p>\n<p>\u2013 Det h\u00e4nder inte s\u00e5 ofta, men ibland har vi olika perspektiv. Till exempel n\u00e4r det \u00e4r okej att sl\u00e4nga n\u00e5got \u2013 det kan vara s\u00e5 enkelt som tandkr\u00e4mstuben eller yoghurtf\u00f6rpackningen&#8230;<\/p>\n<p><strong>Vad kommer du aldrig g\u00f6ra som mamma?\u00a0<\/strong><\/p>\n<p>\u2013 Jag vill inte vara en mamma som hela tiden g\u00e5r runt och tittar p\u00e5 mobilen och inte \u00e4r en n\u00e4rvarande mamma med mitt barn!<\/p>\n<p>Visst har Ninni f\u00e5tt cravings \u2013 men inte efter paj. \u00c4n. Men det kanske kommer, f\u00f6r hon ber\u00e4ttar att det \u00e4r olika saker varje vecka.<\/p>\n<p>\u2013 Jag fick min f\u00f6rsta starka craving f\u00f6r tv\u00e5 veckor sedan och det var Oboy och p\u00e5genlimpa! Till en b\u00f6rjan var det isglass och mariekex, och s\u00e5 har det varit kokt potatis.<\/p>\n<p><a href=\"https:\/\/static.bonniernews.se\/images\/f5\/ee\/f5ee446f113340bdacee4c0757c765e2\/annan\/2560.jpg\" target=\"_blank\" rel=\"noopener noreferrer nofollow\"><img loading=\"lazy\"   alt=\"Ninni har inte cravings efter paj,\"\/><\/a><\/p>\n<p>Ninni har inte cravings efter paj, Foto: Privat<\/p>\n<p>Polycystiskt ovarialsyndrom \u2013 PCOS<\/p>\n<p>\u2022 PCOS orsakas av en obalans av hormoner fr\u00e5n \u00e4ggstockarna. Det kan bland annat g\u00f6ra att du f\u00e5r oregelbunden eller utebliven mens, \u00f6kad h\u00e5rv\u00e4xt p\u00e5 kroppen och f\u00e5r sv\u00e5rt att bli gravid. Du kan \u00e4ven ha PCOS utan att ha n\u00e5gra besv\u00e4r. Det finns hj\u00e4lp att f\u00e5 om du har symtom.<\/p>\n<p>\u2022 Det \u00e4r oftast l\u00e4tt att f\u00e5 ig\u00e5ng \u00e4gglossningen om du har PCOS, eftersom det finns m\u00e5nga \u00e4gg. Vanligen f\u00e5r du b\u00f6rja med l\u00e4kemedel i tablettform.<\/p>\n<p>L\u00e4kemedel som inneh\u00e5ller det verksamma \u00e4mnet letrozol f\u00e5r hypofysen att producera mer av hypofyshormoner som leder till \u00e4gglossning. Du tar en tablett varje dag i fem dagar och sedan kommer ofta \u00e4gglossningen fem till tio dagar senare.<\/p>\n<p>Ibland f\u00e5r du ta l\u00e4kemedel som inneh\u00e5ller det verksamma \u00e4mnet metformin under n\u00e5gra m\u00e5nader innan du b\u00f6rjar med de l\u00e4kemedel som inneh\u00e5ller letrozol. Metformin \u00e4r egentligen ett diabetesl\u00e4kemedel som \u00f6kar insulink\u00e4nsligheten och som kan underl\u00e4tta att \u00e4gglossningen kommer ig\u00e5ng.<\/p>\n<p>Du kan ocks\u00e5 f\u00e5 hormonsprutor eller genomg\u00e5 en provr\u00f6rsbefruktning, s\u00e5 kallad IVF.<\/p>\n<p><a href=\"https:\/\/www.1177.se\/Uppsala-lan\/sjukdomar--besvar\/konsorgan\/livmoder-och-aggstockar\/polycystiskt-ovarialsyndrom--pcos\/\" rel=\"nofollow noopener\" target=\"_blank\">K\u00e4lla: 1177<\/a>\u00a0<\/p>\n<p>Visa mer<\/p>\n","protected":false},"excerpt":{"rendered":"Publicerad 21 aug 2025 kl 19.00 Ninni och Nicklas Broberg, k\u00e4nda som \u201dpajparet\u201d, gifte sig i f\u00f6rra \u00e5rets&hellip;\n","protected":false},"author":2,"featured_media":10556,"comment_status":"","ping_status":"","sticky":false,"template":"","format":"standard","meta":{"footnotes":""},"categories":[67],"tags":[104,1221,1491,1490,34,31,33,32,30,105],"class_list":{"0":"post-10555","1":"post","2":"type-post","3":"status-publish","4":"format-standard","5":"has-post-thumbnail","7":"category-underhallning","8":"tag-entertainment","9":"tag-foraldraskap","10":"tag-gift-vid-forsta-ogonkastet","11":"tag-graviditet","12":"tag-se","13":"tag-svenska","14":"tag-sverige","15":"tag-sweden","16":"tag-swedish","17":"tag-underhallning"},"share_on_mastodon":{"url":"","error":""},"_links":{"self":[{"href":"https:\/\/www.europesays.com\/se\/wp-json\/wp\/v2\/posts\/10555","targetHints":{"allow":["GET"]}}],"collection":[{"href":"https:\/\/www.europesays.com\/se\/wp-json\/wp\/v2\/posts"}],"about":[{"href":"https:\/\/www.europesays.com\/se\/wp-json\/wp\/v2\/types\/post"}],"author":[{"embeddable":true,"href":"https:\/\/www.europesays.com\/se\/wp-json\/wp\/v2\/users\/2"}],"replies":[{"embeddable":true,"href":"https:\/\/www.europesays.com\/se\/wp-json\/wp\/v2\/comments?post=10555"}],"version-history":[{"count":0,"href":"https:\/\/www.europesays.com\/se\/wp-json\/wp\/v2\/posts\/10555\/revisions"}],"wp:featuredmedia":[{"embeddable":true,"href":"https:\/\/www.europesays.com\/se\/wp-json\/wp\/v2\/media\/10556"}],"wp:attachment":[{"href":"https:\/\/www.europesays.com\/se\/wp-json\/wp\/v2\/media?parent=10555"}],"wp:term":[{"taxonomy":"category","embeddable":true,"href":"https:\/\/www.europesays.com\/se\/wp-json\/wp\/v2\/categories?post=10555"},{"taxonomy":"post_tag","embeddable":true,"href":"https:\/\/www.europesays.com\/se\/wp-json\/wp\/v2\/tags?post=10555"}],"curies":[{"name":"wp","href":"https:\/\/api.w.org\/{rel}","templated":true}]}}