{"id":105556,"date":"2025-12-14T11:22:09","date_gmt":"2025-12-14T11:22:09","guid":{"rendered":"https:\/\/www.europesays.com\/se\/105556\/"},"modified":"2025-12-14T11:22:09","modified_gmt":"2025-12-14T11:22:09","slug":"aik-fotboll-forlanger-med-andreas-redkin","status":"publish","type":"post","link":"https:\/\/www.europesays.com\/se\/105556\/","title":{"rendered":"AIK Fotboll f\u00f6rl\u00e4nger med Andreas Redkin"},"content":{"rendered":"<p>Fakta Andreas Redkin<\/p>\n<p class=\"Paragraph_paragraph__uxXGA Paragraph_l__32960\">18-\u00e5rige Andreas Redkin f\u00f6ddes den 19 januari 2007 och har sedan fem \u00e5rs \u00e5lder spelat fotboll f\u00f6r moderklubben, AIK. Hans fotbollsuppfostran b\u00f6rjade d\u00e4rmed redan som knatte i Gnaget och han har sedan dess avancerat via ungdomsleden upp till akademin och vidare till A-laget. Som 14-\u00e5ring debuterade Redkin i P17-laget, detta skedde den 5 december 2021 n\u00e4r V\u00e4ster\u00e5s SK kom p\u00e5 bes\u00f6k till Skytteholms IP f\u00f6r att spela den n\u00e4st sista omg\u00e5ngen av P17 Allsvenskan. Andreas fanns med fr\u00e5n start och bildade en mittf\u00e4ltstrio med Taha Ayari, samt den tidigare AIK-spelaren, Hugo Aviander. Med i startelvan var \u00e4ven Victor Andersson som \u00e4ven han spelar f\u00f6r AIK Fotbolls herrlag. I den 28 matchminuten fick Andreas vara med och fira n\u00e4r Manaf Rawufu gav AIK ledningen, kort d\u00e4refter skulle dock bortalaget kvittera matchen via Liam Larsson. Inf\u00f6r den andra halvleken byttes Salim Nkubiri in och s\u00e5g till att \u00e5terta ledningen f\u00f6r AIK genom hans tv\u00e5 m\u00e5l p\u00e5 kort tid. Matchens slutresultat skrevs till 5\u20131 och Andreas fick d\u00e4rmed fira sin f\u00f6rsta trepo\u00e4ngare i P17-debuten.<\/p>\n<p class=\"Paragraph_paragraph__uxXGA Paragraph_l__32960\">Under s\u00e4songen 2022 varvade Andreas spel med P16-laget med att \u00e4ven representera AIK:s P17-lag. S\u00e4songen skulle dock inledas med att AIK P16 st\u00e4lldes mot Hammarby IF:s motsvarighet p\u00e5 bortaplan i Ligacupens f\u00f6rsta omg\u00e5ng den 12 februari. H\u00e4r skulle Andreas komma att spela huvudrollen d\u00e5 han redan i matchminut 14 s\u00e5g till att ge AIK ledningen inf\u00f6r 160 \u00e5sk\u00e5dare p\u00e5 Hammarby IP. Det skulle dock inte sluta d\u00e4r, f\u00f6r 22 minuter senare var det dags igen n\u00e4r mittf\u00e4ltaren var framme och st\u00f6tte in bollen i m\u00e5l. Efter att Andreas givit AIK en tv\u00e5m\u00e5lsledning tvingades han att l\u00e4mna planen, detta eftersom han dragit p\u00e5 sig dubbla gula kort inom loppet av \u00e5tta minuter. Trots att Gnaget var en man kort p\u00e5 planen s\u00e5 s\u00e5g man till att h\u00e5lla t\u00e4tt bak\u00e5t och d\u00e4rmed vinna matchen med 2\u20130. Detta var en seger som skulle komma att visa sig vara v\u00e4ldigt betydelsefull eftersom det innebar att n\u00e4r gruppspelet var f\u00e4rdigspelat s\u00e5 placerade AIK sig p\u00e5 f\u00f6rstaplats, en po\u00e4ng f\u00f6re Hammarby. I och med detta var man kvalificerade f\u00f6r slutspel i Ligacupen och i kvartsfinalen st\u00e4lldes AIK mot GIF Sundsvall (5\u20133), en match som Andreas inte spelade. D\u00e4remot var han tillbaka i startelvan n\u00e4r semifinalen spelades mot Hammarby TFF p\u00e5 Skytteholms IP den 4 maj 2022. Bortalaget tog en tidig tv\u00e5m\u00e5lsledning, men AIK:s Braxton Hakeem Sserebe s\u00e5g till att reducera m\u00f6tet d\u00e5 han pricka bollen i n\u00e4t i matchminut 38. Gnaget l\u00e5g p\u00e5 f\u00f6r att f\u00e5 till en kvittering och i matchens sista ordinarie spelminut klev Albin Danielsson fram och skickade in 2\u20132-m\u00e5let. D\u00e4refter skulle Hans Koffi Roux skicka in segerm\u00e5let i f\u00f6rl\u00e4ngningsspelet, vilket innebar en finalplats f\u00f6r AIK. V\u00e4l i finalen blev IF Elfsborg numret f\u00f6r stort (1\u20135) och Andreas fick n\u00f6ja sig med en silvermedalj. Det blev sammanlagt sju matcher och tv\u00e5 m\u00e5l f\u00f6r P16, samt sex matcher och tv\u00e5 m\u00e5l i P17 f\u00f6r Andreas under s\u00e4songen 2022.<\/p>\n<p class=\"Paragraph_paragraph__uxXGA Paragraph_l__32960\">S\u00e4songen 2023 skulle Andreas debutera f\u00f6r AIK Fotbolls P19-lag. Detta skedde i den sjunde omg\u00e5ngen av P19 Allsvenskan n\u00e4r AIK st\u00e4lldes mot Helsingborgs IF den 14 maj 2023 p\u00e5 bortaplan. Andreas fanns med i startelvan med nummer \u00e5tta p\u00e5 ryggen, i en match som Gnaget f\u00f6rlorade med 1\u20134. Trots att Andreas fanns med i en del matcher f\u00f6r b\u00e5de P16 och P17 under s\u00e4songen s\u00e5 blev det flest framtr\u00e4danden i P19 Allsvenskan. D\u00e4r spelade han totalt tolv matcher och gjorde ett m\u00e5l. Till s\u00e4songen 2024 fick Andreas en alltmer st\u00f6rre roll i P19-laget. Sammanlagt blev det \u00e5tta m\u00e5l p\u00e5 20 matcher under s\u00e4songen 2024.<\/p>\n<p class=\"Paragraph_paragraph__uxXGA Paragraph_l__32960\">Andreas framfart i ungdomsleden gav eko upp till herrlaget och den 27 december 2024 meddelade AIK Fotboll att man har kommit \u00f6verens med den d\u00e5 17-\u00e5rige mittf\u00e4ltaren om ett avtal som str\u00e4cker sig fram till och med den 31 december 2027. N\u00e4r AIK begav sig till Spanien f\u00f6r att genomf\u00f6ra dubbla tr\u00e4ningsl\u00e4ger inf\u00f6r s\u00e4songen 2025 s\u00e5 var Redkin med och gjorde sig redo f\u00f6r den kommande t\u00e4vlingss\u00e4songen. Det blev dock ingen debut n\u00e4r det var dags f\u00f6r den f\u00f6rsta omg\u00e5ngen av Svenska cupens gruppspel 2024\/2025 d\u00e4r Degerfors IF stod f\u00f6r motst\u00e5ndet p\u00e5 hemmaplan (1\u20131). \u00c5tta dagar senare hade Gnaget rest ner till Sk\u00e5ne f\u00f6r att st\u00e4llas mot Trelleborg IF och h\u00e4r kom debuten f\u00f6r den unge mittf\u00e4ltaren. Med femton minuter kvar p\u00e5 matchklockan, samtidigt som AIK l\u00e5g under med 0\u20131, gjorde Redkin sig redo f\u00f6r att \u00e4ntra planen. Det s\u00e5g l\u00e4nge ut som att hemmalaget skulle kamma hem samtliga tre po\u00e4ng, men i matchens slutskede klev Thomas Isherwood fram och tryckte in bollen i n\u00e4t med ett stenh\u00e5rt l\u00e5ngskott (1\u20131).<\/p>\n<p class=\"Paragraph_paragraph__uxXGA Paragraph_l__32960\">Andreas hade en fin s\u00e4songsinledningen och fick direkt f\u00f6rtroende av AIK Fotbolls chefstr\u00e4nare, Mikkjal Thomassen. Men i hemmapremi\u00e4ren av Allsvenskan 2025 mot IFK Norrk\u00f6ping var olyckan framme. Strax inf\u00f6r halvtidsvilan blev han liggandes i sm\u00e4rtor och efter en tids behandling tvingades han l\u00e4mna planen. Det stod n\u00e5gon dag senare klart att det r\u00f6rde sig om en korsbandsskada och han har sedan dess \u00e4gnat sig \u00e5t rehabilitering f\u00f6r att ta sig tillbaka till fotbollsplanen.<\/p>\n<p class=\"Paragraph_paragraph__uxXGA Paragraph_l__32960\">Andreas Redkin har \u00e4ven erfarenhet fr\u00e5n landslagsfotboll d\u00e5 han hunnit med att representera det svenska P17-laget vid sju tillf\u00e4llen, men \u00e4ven Sveriges P19-lag vid tre tillf\u00e4llen d\u00e4r han ocks\u00e5 st\u00e5tt f\u00f6r ett m\u00e5l.<\/p>\n","protected":false},"excerpt":{"rendered":"Fakta Andreas Redkin 18-\u00e5rige Andreas Redkin f\u00f6ddes den 19 januari 2007 och har sedan fem \u00e5rs \u00e5lder spelat&hellip;\n","protected":false},"author":2,"featured_media":105557,"comment_status":"","ping_status":"","sticky":false,"template":"","format":"standard","meta":{"footnotes":""},"categories":[68],"tags":[34,111,110,31,33,32,30],"class_list":{"0":"post-105556","1":"post","2":"type-post","3":"status-publish","4":"format-standard","5":"has-post-thumbnail","7":"category-sport","8":"tag-se","9":"tag-sport","10":"tag-sports","11":"tag-svenska","12":"tag-sverige","13":"tag-sweden","14":"tag-swedish"},"share_on_mastodon":{"url":"https:\/\/pubeurope.com\/@se\/115717665145793244","error":""},"_links":{"self":[{"href":"https:\/\/www.europesays.com\/se\/wp-json\/wp\/v2\/posts\/105556","targetHints":{"allow":["GET"]}}],"collection":[{"href":"https:\/\/www.europesays.com\/se\/wp-json\/wp\/v2\/posts"}],"about":[{"href":"https:\/\/www.europesays.com\/se\/wp-json\/wp\/v2\/types\/post"}],"author":[{"embeddable":true,"href":"https:\/\/www.europesays.com\/se\/wp-json\/wp\/v2\/users\/2"}],"replies":[{"embeddable":true,"href":"https:\/\/www.europesays.com\/se\/wp-json\/wp\/v2\/comments?post=105556"}],"version-history":[{"count":0,"href":"https:\/\/www.europesays.com\/se\/wp-json\/wp\/v2\/posts\/105556\/revisions"}],"wp:featuredmedia":[{"embeddable":true,"href":"https:\/\/www.europesays.com\/se\/wp-json\/wp\/v2\/media\/105557"}],"wp:attachment":[{"href":"https:\/\/www.europesays.com\/se\/wp-json\/wp\/v2\/media?parent=105556"}],"wp:term":[{"taxonomy":"category","embeddable":true,"href":"https:\/\/www.europesays.com\/se\/wp-json\/wp\/v2\/categories?post=105556"},{"taxonomy":"post_tag","embeddable":true,"href":"https:\/\/www.europesays.com\/se\/wp-json\/wp\/v2\/tags?post=105556"}],"curies":[{"name":"wp","href":"https:\/\/api.w.org\/{rel}","templated":true}]}}