{"id":105560,"date":"2025-12-14T11:27:08","date_gmt":"2025-12-14T11:27:08","guid":{"rendered":"https:\/\/www.europesays.com\/se\/105560\/"},"modified":"2025-12-14T11:27:08","modified_gmt":"2025-12-14T11:27:08","slug":"halmstad-bygger-jarnvagstunnel-at-nato-far-inga-besked-om-finansieringen","status":"publish","type":"post","link":"https:\/\/www.europesays.com\/se\/105560\/","title":{"rendered":"Halmstad bygger j\u00e4rnv\u00e4gstunnel \u00e5t Nato \u2013 f\u00e5r inga besked om finansieringen"},"content":{"rendered":"<p>Halmstad kommun bygger en j\u00e4rnv\u00e4gstunnel f\u00f6r 45 miljoner kronor mot de lokala politikernas vilja och f\u00f6r att m\u00f6ta f\u00f6rsvarets och Natos behov, rapporterar Aftonbladet. Tunneln, som l\u00f6per under en ny motorv\u00e4gsp\u00e5fart vid hamnen, finansieras \u00e4n s\u00e5 l\u00e4nge av kommunen.<\/p>\n<p>Kommunstyrelsens ordf\u00f6rande Stefan P\u00e5lsson (S) \u00e4r kritisk, och menar att regeringen och F\u00f6rsvarsmakten pressar kommuner att genomf\u00f6ra satsningar, men inte l\u00e4mnar n\u00e5gra besked om huruvida de ska vara med och finansiera. <\/p>\n<p>\u2013 Hade inte f\u00f6rsvaret velat ha den s\u00e5 hade vi aldrig byggt den, s\u00e4ger han till tidningen.<\/p>\n<p>Kommunen har beg\u00e4rt besked fr\u00e5n F\u00f6rsvarsmakten om finansieringen men \u00e4nnu inte f\u00e5tt n\u00e5got klart svar. <\/p>\n<p>Omni \u00e4r politiskt obundna och oberoende. Vi str\u00e4var efter att ge fler perspektiv p\u00e5 nyheterna. Har du fr\u00e5gor eller synpunkter kring v\u00e5r rapportering? <a href=\"https:\/\/omni.se\/halmstad-bygger-jarnvagstunnel-at-nato-far-inga-besked-om-finansieringen\/a\/mailto:redaktion@omni.se\" class=\"ArticleActions_contactLink__W2F1M\" rel=\"nofollow noopener\" target=\"_blank\">Kontakta redaktionen<\/a><\/p>\n","protected":false},"excerpt":{"rendered":"Halmstad kommun bygger en j\u00e4rnv\u00e4gstunnel f\u00f6r 45 miljoner kronor mot de lokala politikernas vilja och f\u00f6r att m\u00f6ta&hellip;\n","protected":false},"author":2,"featured_media":105561,"comment_status":"","ping_status":"","sticky":false,"template":"","format":"standard","meta":{"footnotes":""},"categories":[12],"tags":[22,23,26,27,380,2359,11834,17,21,367,24,25,28,29,999,15,16,18,11835,34,1557,31,33,32,30,19,20],"class_list":{"0":"post-105560","1":"post","2":"type-post","3":"status-publish","4":"format-standard","5":"has-post-thumbnail","7":"category-sverige","8":"tag-breaking-news","9":"tag-breakingnews","10":"tag-featured-news","11":"tag-featurednews","12":"tag-forsvarsmakten","13":"tag-hallands-lan","14":"tag-halmstad","15":"tag-headlines","16":"tag-huvudnyheter","17":"tag-infrastruktur","18":"tag-latest-news","19":"tag-latestnews","20":"tag-main-news","21":"tag-mainnews","22":"tag-nato","23":"tag-news","24":"tag-nyheter","25":"tag-rubriker","26":"tag-sakerhet-bevakning","27":"tag-se","28":"tag-socialdemokraterna","29":"tag-svenska","30":"tag-sverige","31":"tag-sweden","32":"tag-swedish","33":"tag-top-stories","34":"tag-topstories"},"share_on_mastodon":{"url":"https:\/\/pubeurope.com\/@se\/115717684838321836","error":""},"_links":{"self":[{"href":"https:\/\/www.europesays.com\/se\/wp-json\/wp\/v2\/posts\/105560","targetHints":{"allow":["GET"]}}],"collection":[{"href":"https:\/\/www.europesays.com\/se\/wp-json\/wp\/v2\/posts"}],"about":[{"href":"https:\/\/www.europesays.com\/se\/wp-json\/wp\/v2\/types\/post"}],"author":[{"embeddable":true,"href":"https:\/\/www.europesays.com\/se\/wp-json\/wp\/v2\/users\/2"}],"replies":[{"embeddable":true,"href":"https:\/\/www.europesays.com\/se\/wp-json\/wp\/v2\/comments?post=105560"}],"version-history":[{"count":0,"href":"https:\/\/www.europesays.com\/se\/wp-json\/wp\/v2\/posts\/105560\/revisions"}],"wp:featuredmedia":[{"embeddable":true,"href":"https:\/\/www.europesays.com\/se\/wp-json\/wp\/v2\/media\/105561"}],"wp:attachment":[{"href":"https:\/\/www.europesays.com\/se\/wp-json\/wp\/v2\/media?parent=105560"}],"wp:term":[{"taxonomy":"category","embeddable":true,"href":"https:\/\/www.europesays.com\/se\/wp-json\/wp\/v2\/categories?post=105560"},{"taxonomy":"post_tag","embeddable":true,"href":"https:\/\/www.europesays.com\/se\/wp-json\/wp\/v2\/tags?post=105560"}],"curies":[{"name":"wp","href":"https:\/\/api.w.org\/{rel}","templated":true}]}}