{"id":105568,"date":"2025-12-14T11:43:15","date_gmt":"2025-12-14T11:43:15","guid":{"rendered":"https:\/\/www.europesays.com\/se\/105568\/"},"modified":"2025-12-14T11:43:15","modified_gmt":"2025-12-14T11:43:15","slug":"i-natt-foremal-kastat-genom-vindruta-man-skadad-stryptag-pa-nojeslokal-nwt","status":"publish","type":"post","link":"https:\/\/www.europesays.com\/se\/105568\/","title":{"rendered":"I NATT: F\u00f6rem\u00e5l kastat genom vindruta \u2013 man skadad \u2022 Stryptag p\u00e5 n\u00f6jeslokal &#8211; NWT"},"content":{"rendered":"<ol>\n<li><a href=\"https:\/\/news.google.com\/rss\/articles\/CBMiogFBVV95cUxNZzVXbVJXcUxaNmx0OS1sZUV2bmhVYmpidjBTYWllRllwQVFVSlhtbzRpUVloOUQ3LW4yTUNiNkg5ZTZ0R09rdTdVYnM5LVBfQ3k1ekdtcEgyVnljR04xdV9RUHBLNGRqNWFVdVJOTmgzc0VaZkhXcUJOOXVQU0RiNmlyMmlVSWxMY2hzNjh1a0RNSUc2d1FfN0ZVNzFtejRZVFE?oc=5\" target=\"_blank\" rel=\"nofollow noopener\">I NATT: F\u00f6rem\u00e5l kastat genom vindruta \u2013 man skadad \u2022 Stryptag p\u00e5 n\u00f6jeslokal<\/a>&nbsp;&nbsp;NWT<\/li>\n<li><a href=\"https:\/\/news.google.com\/rss\/articles\/CBMiigFBVV95cUxQUWJvS1FnSC00TVhkb0l4ZU5HYkJXZmo4VklxS1V1dVVYdlBJLWk0anJqaFJ5NEJkbGhyNEVXaS1xSmpXZ3VPeHpXVUVNbVRSd3p0UzR0SVF3YWdTVkJMWkthcl9QbHhnN1FtQ1MyUF9hTkFFTkV6eE15Ukc0RnVwX3ZJMnNBcVNfLUE?oc=5\" target=\"_blank\" rel=\"nofollow noopener\">Utkl\u00e4dd man orsakade t\u00e5gstopp i Arvika<\/a>&nbsp;&nbsp;Aftonbladet<\/li>\n<li><a href=\"https:\/\/news.google.com\/rss\/articles\/CBMiggFBVV95cUxPZGpXOU9OendNdXZ2aDZHUXBNdkRrWk00MnhqMzVkcVBwVi15VmR6cnZWTXZydFBQQUxFM2NmanhzbzJXSEFka0g2bGhRVVJ4ajU4NFRmT3lZRGVIMzBxRnhqaU9qVXBOR2RaZzB5TjV5UmNHQ1NMSG9qUENEdFZTNF9R?oc=5\" target=\"_blank\" rel=\"nofollow noopener\">Lussefylla och misshandel \u2013 s\u00e5 var polisens natt<\/a>&nbsp;&nbsp;Nerikes Allehanda<\/li>\n<li><a href=\"https:\/\/news.google.com\/rss\/articles\/CBMinwFBVV95cUxNVHJFMXg4SmowSFI1MFlnN2VWeTc2N1l0RFRWSXhFRS1xZzBPdTRxQmE1TEZWOWl0Z0F4OUFPYk1uR2FZZl9WRFlSWEF0VUZTNlJEcE1ucndWVGNRVFNBMi1IM1l3TC0tajQ4bzNQbE5PdnNNdzhwbnNSRU13RnF6bnVCTklkVGx3aXJqcXVHX3I1bERBOWJJcXZtbjhKdG8?oc=5\" target=\"_blank\" rel=\"nofollow noopener\">I NATT: Flera fall av misshandel \u2013 kvinna dragen i h\u00e5ret: \u201dKastat flaskor\u201d<\/a>&nbsp;&nbsp;NWT<\/li>\n<li><a href=\"https:\/\/news.google.com\/rss\/articles\/CBMilwFBVV95cUxQQ2N3QmRYUTVVeTZjSVkzRmRVQ2FjcUwyTmZ1SGV2eWNXSW1mUjhaSmxGaGh2TmpYcHlNMXRhSi05NjQzQUNpdTV2MEpyWDBCdXF4TWpSbGxkVmx4ZmVZbTdqR1Ryb2JqdnNmMU9QbWRXZWpRaHUtYXotbkQ5WGZFNUlXb1V3RWZjdkdkUTBuNVYzVXNSNGpr?oc=5\" target=\"_blank\" rel=\"nofollow noopener\">Full pirat stoppade t\u00e5g<\/a>&nbsp;&nbsp;Expressen<\/li>\n<\/ol>\n","protected":false},"excerpt":{"rendered":"I NATT: F\u00f6rem\u00e5l kastat genom vindruta \u2013 man skadad \u2022 Stryptag p\u00e5 n\u00f6jeslokal&nbsp;&nbsp;NWT Utkl\u00e4dd man orsakade t\u00e5gstopp i&hellip;\n","protected":false},"author":2,"featured_media":105569,"comment_status":"","ping_status":"","sticky":false,"template":"","format":"standard","meta":{"footnotes":""},"categories":[12],"tags":[22,23,26,27,17,21,24,25,28,29,15,16,18,34,31,33,32,30,19,20],"class_list":{"0":"post-105568","1":"post","2":"type-post","3":"status-publish","4":"format-standard","5":"has-post-thumbnail","7":"category-sverige","8":"tag-breaking-news","9":"tag-breakingnews","10":"tag-featured-news","11":"tag-featurednews","12":"tag-headlines","13":"tag-huvudnyheter","14":"tag-latest-news","15":"tag-latestnews","16":"tag-main-news","17":"tag-mainnews","18":"tag-news","19":"tag-nyheter","20":"tag-rubriker","21":"tag-se","22":"tag-svenska","23":"tag-sverige","24":"tag-sweden","25":"tag-swedish","26":"tag-top-stories","27":"tag-topstories"},"share_on_mastodon":{"url":"https:\/\/pubeurope.com\/@se\/115717747791961557","error":""},"_links":{"self":[{"href":"https:\/\/www.europesays.com\/se\/wp-json\/wp\/v2\/posts\/105568","targetHints":{"allow":["GET"]}}],"collection":[{"href":"https:\/\/www.europesays.com\/se\/wp-json\/wp\/v2\/posts"}],"about":[{"href":"https:\/\/www.europesays.com\/se\/wp-json\/wp\/v2\/types\/post"}],"author":[{"embeddable":true,"href":"https:\/\/www.europesays.com\/se\/wp-json\/wp\/v2\/users\/2"}],"replies":[{"embeddable":true,"href":"https:\/\/www.europesays.com\/se\/wp-json\/wp\/v2\/comments?post=105568"}],"version-history":[{"count":0,"href":"https:\/\/www.europesays.com\/se\/wp-json\/wp\/v2\/posts\/105568\/revisions"}],"wp:featuredmedia":[{"embeddable":true,"href":"https:\/\/www.europesays.com\/se\/wp-json\/wp\/v2\/media\/105569"}],"wp:attachment":[{"href":"https:\/\/www.europesays.com\/se\/wp-json\/wp\/v2\/media?parent=105568"}],"wp:term":[{"taxonomy":"category","embeddable":true,"href":"https:\/\/www.europesays.com\/se\/wp-json\/wp\/v2\/categories?post=105568"},{"taxonomy":"post_tag","embeddable":true,"href":"https:\/\/www.europesays.com\/se\/wp-json\/wp\/v2\/tags?post=105568"}],"curies":[{"name":"wp","href":"https:\/\/api.w.org\/{rel}","templated":true}]}}