{"id":105578,"date":"2025-12-14T12:00:12","date_gmt":"2025-12-14T12:00:12","guid":{"rendered":"https:\/\/www.europesays.com\/se\/105578\/"},"modified":"2025-12-14T12:00:12","modified_gmt":"2025-12-14T12:00:12","slug":"blivit-rik-pa-att-chockhoja-hyror","status":"publish","type":"post","link":"https:\/\/www.europesays.com\/se\/105578\/","title":{"rendered":"Blivit rik p\u00e5 att chockh\u00f6ja hyror"},"content":{"rendered":"<p>V:s partiledare Nooshi Dadgostar sl\u00e5r tillbaka mot miljard\u00e4ren Roger Akelius, efter att han attackerat V-f\u00f6rslaget om en s\u00e4rskild skatt p\u00e5 miljard\u00e4rer. <\/p>\n<p>\u201dKanske ingen \u00f6verraskning att Akelius som byggt sin f\u00f6rm\u00f6genhet p\u00e5 att chockh\u00f6ja m\u00e4nniskors hyror och skatteplanera inte \u00e4r intresserad av att bidra till v\u00e5r gemenskap\u201d, skriver Dadgostar p\u00e5 X. <\/p>\n<p>Under torsdagen utropade Dadgostar miljard\u00e4rerna till V\u00e4nsterpartiets huvudmotst\u00e5ndare. Roger Akelius, som \u00e4r god f\u00f6r omkring 100 miiljader, sa d\u00e5 till Aftonbladet att miljard\u00e4rer \u201dinte suger ut folket, utan tillf\u00f6r kapital\u201d. <\/p>\n<p>Omni \u00e4r politiskt obundna och oberoende. Vi str\u00e4var efter att ge fler perspektiv p\u00e5 nyheterna. Har du fr\u00e5gor eller synpunkter kring v\u00e5r rapportering? <a href=\"https:\/\/omni.se\/dadgostar-till-attack-mot-miljardar-blivit-rik-pa-att-chockhoja-hyror\/a\/mailto:redaktion@omni.se\" class=\"ArticleActions_contactLink__W2F1M\" rel=\"nofollow noopener\" target=\"_blank\">Kontakta redaktionen<\/a><\/p>\n","protected":false},"excerpt":{"rendered":"V:s partiledare Nooshi Dadgostar sl\u00e5r tillbaka mot miljard\u00e4ren Roger Akelius, efter att han attackerat V-f\u00f6rslaget om en s\u00e4rskild&hellip;\n","protected":false},"author":2,"featured_media":105579,"comment_status":"","ping_status":"","sticky":false,"template":"","format":"standard","meta":{"footnotes":""},"categories":[12],"tags":[22,23,26,27,17,21,24,25,28,29,15,2895,16,369,11799,18,34,848,31,33,32,30,19,20,3416,1406],"class_list":{"0":"post-105578","1":"post","2":"type-post","3":"status-publish","4":"format-standard","5":"has-post-thumbnail","7":"category-sverige","8":"tag-breaking-news","9":"tag-breakingnews","10":"tag-featured-news","11":"tag-featurednews","12":"tag-headlines","13":"tag-huvudnyheter","14":"tag-latest-news","15":"tag-latestnews","16":"tag-main-news","17":"tag-mainnews","18":"tag-news","19":"tag-nooshi-dadgostar","20":"tag-nyheter","21":"tag-politik","22":"tag-roger-akelius","23":"tag-rubriker","24":"tag-se","25":"tag-skattepolitik","26":"tag-svenska","27":"tag-sverige","28":"tag-sweden","29":"tag-swedish","30":"tag-top-stories","31":"tag-topstories","32":"tag-valet-2026","33":"tag-vansterpartiet"},"share_on_mastodon":{"url":"https:\/\/pubeurope.com\/@se\/115717814951972987","error":""},"_links":{"self":[{"href":"https:\/\/www.europesays.com\/se\/wp-json\/wp\/v2\/posts\/105578","targetHints":{"allow":["GET"]}}],"collection":[{"href":"https:\/\/www.europesays.com\/se\/wp-json\/wp\/v2\/posts"}],"about":[{"href":"https:\/\/www.europesays.com\/se\/wp-json\/wp\/v2\/types\/post"}],"author":[{"embeddable":true,"href":"https:\/\/www.europesays.com\/se\/wp-json\/wp\/v2\/users\/2"}],"replies":[{"embeddable":true,"href":"https:\/\/www.europesays.com\/se\/wp-json\/wp\/v2\/comments?post=105578"}],"version-history":[{"count":0,"href":"https:\/\/www.europesays.com\/se\/wp-json\/wp\/v2\/posts\/105578\/revisions"}],"wp:featuredmedia":[{"embeddable":true,"href":"https:\/\/www.europesays.com\/se\/wp-json\/wp\/v2\/media\/105579"}],"wp:attachment":[{"href":"https:\/\/www.europesays.com\/se\/wp-json\/wp\/v2\/media?parent=105578"}],"wp:term":[{"taxonomy":"category","embeddable":true,"href":"https:\/\/www.europesays.com\/se\/wp-json\/wp\/v2\/categories?post=105578"},{"taxonomy":"post_tag","embeddable":true,"href":"https:\/\/www.europesays.com\/se\/wp-json\/wp\/v2\/tags?post=105578"}],"curies":[{"name":"wp","href":"https:\/\/api.w.org\/{rel}","templated":true}]}}