{"id":105582,"date":"2025-12-14T12:08:07","date_gmt":"2025-12-14T12:08:07","guid":{"rendered":"https:\/\/www.europesays.com\/se\/105582\/"},"modified":"2025-12-14T12:08:07","modified_gmt":"2025-12-14T12:08:07","slug":"handelserik-natt-for-polisen-allehanda-se","status":"publish","type":"post","link":"https:\/\/www.europesays.com\/se\/105582\/","title":{"rendered":"H\u00e4ndelserik natt f\u00f6r polisen \u2013 Allehanda.se"},"content":{"rendered":"<p>Fylla, h\u00f6g musik, ett p\u00e5k\u00f6rt djur och misst\u00e4nkt narkotikabrott.<\/p>\n<p>Natten mot s\u00f6ndag resulterade i ett antal \u00e4renden f\u00f6r polisen.<\/p>\n<p>\u2013 Det \u00e4r vad man kan f\u00f6rv\u00e4nta sig under en helgnatt ungef\u00e4r, s\u00e4ger Maria Fredriksson p\u00e5 Polisen.<\/p>\n<p>Polisen i \u00d6rnsk\u00f6ldsvik har haft en del att g\u00f6ra under natten. F\u00f6rsta \u00e4rendet uppdagades under natten mot s\u00f6ndag vid 00.49.<\/p>\n<p>Tekniskt fel<\/p>\n<p class=\"message__text txt-ui txt-ui-2\">V\u00e4nligen f\u00f6rs\u00f6k igen senare.<\/p>\n<p>Den h\u00e4r artikeln \u00e4r bara f\u00f6r prenumeranter<\/p>\n<p class=\"txt-body txt-body-1\">Om du redan \u00e4r prenumerant: logga in!<\/p>\n","protected":false},"excerpt":{"rendered":"Fylla, h\u00f6g musik, ett p\u00e5k\u00f6rt djur och misst\u00e4nkt narkotikabrott. Natten mot s\u00f6ndag resulterade i ett antal \u00e4renden f\u00f6r&hellip;\n","protected":false},"author":2,"featured_media":105583,"comment_status":"","ping_status":"","sticky":false,"template":"","format":"standard","meta":{"footnotes":""},"categories":[12],"tags":[22,23,26,27,17,21,24,25,28,29,15,16,18,34,31,33,32,30,19,20],"class_list":{"0":"post-105582","1":"post","2":"type-post","3":"status-publish","4":"format-standard","5":"has-post-thumbnail","7":"category-sverige","8":"tag-breaking-news","9":"tag-breakingnews","10":"tag-featured-news","11":"tag-featurednews","12":"tag-headlines","13":"tag-huvudnyheter","14":"tag-latest-news","15":"tag-latestnews","16":"tag-main-news","17":"tag-mainnews","18":"tag-news","19":"tag-nyheter","20":"tag-rubriker","21":"tag-se","22":"tag-svenska","23":"tag-sverige","24":"tag-sweden","25":"tag-swedish","26":"tag-top-stories","27":"tag-topstories"},"share_on_mastodon":{"url":"https:\/\/pubeurope.com\/@se\/115717846063366978","error":""},"_links":{"self":[{"href":"https:\/\/www.europesays.com\/se\/wp-json\/wp\/v2\/posts\/105582","targetHints":{"allow":["GET"]}}],"collection":[{"href":"https:\/\/www.europesays.com\/se\/wp-json\/wp\/v2\/posts"}],"about":[{"href":"https:\/\/www.europesays.com\/se\/wp-json\/wp\/v2\/types\/post"}],"author":[{"embeddable":true,"href":"https:\/\/www.europesays.com\/se\/wp-json\/wp\/v2\/users\/2"}],"replies":[{"embeddable":true,"href":"https:\/\/www.europesays.com\/se\/wp-json\/wp\/v2\/comments?post=105582"}],"version-history":[{"count":0,"href":"https:\/\/www.europesays.com\/se\/wp-json\/wp\/v2\/posts\/105582\/revisions"}],"wp:featuredmedia":[{"embeddable":true,"href":"https:\/\/www.europesays.com\/se\/wp-json\/wp\/v2\/media\/105583"}],"wp:attachment":[{"href":"https:\/\/www.europesays.com\/se\/wp-json\/wp\/v2\/media?parent=105582"}],"wp:term":[{"taxonomy":"category","embeddable":true,"href":"https:\/\/www.europesays.com\/se\/wp-json\/wp\/v2\/categories?post=105582"},{"taxonomy":"post_tag","embeddable":true,"href":"https:\/\/www.europesays.com\/se\/wp-json\/wp\/v2\/tags?post=105582"}],"curies":[{"name":"wp","href":"https:\/\/api.w.org\/{rel}","templated":true}]}}