{"id":105584,"date":"2025-12-14T12:09:19","date_gmt":"2025-12-14T12:09:19","guid":{"rendered":"https:\/\/www.europesays.com\/se\/105584\/"},"modified":"2025-12-14T12:09:19","modified_gmt":"2025-12-14T12:09:19","slug":"stor-polisinsats-i-soderfors-polisen-utreder-grovt-brott","status":"publish","type":"post","link":"https:\/\/www.europesays.com\/se\/105584\/","title":{"rendered":"Stor polisinsats i S\u00f6derfors \u2013 polisen utreder grovt brott"},"content":{"rendered":"<p>Tv\u00e5 hyreshusl\u00e4ngor i S\u00f6derfors har sp\u00e4rrats av och boende i husen har uppmanats att h\u00e5lla sig inne i sina l\u00e4genheter.<\/p>\n<p>Vid 13-tiden p\u00e5 s\u00f6ndagen meddelar polisen att man nu utreder ett grovt brott och att en teknisk unders\u00f6kning kommer att genomf\u00f6ras.<\/p>\n<p>\u2013 Jag kan inte kommentera mer i nul\u00e4get, s\u00e4ger Tobias Ahl\u00e9n Svalbro, presstalesperson p\u00e5 polisregion Mitt.<\/p>\n<p><a href=\"https:\/\/www.unt.se\/nyheter\/soderfors\/artikel\/polis-utreder-misstankt-brott-i-soderfors\/re7oywwj\" rel=\"nofollow noopener\" target=\"_blank\">En boende i omr\u00e5det ber\u00e4ttar f\u00f6r UNT<\/a> att vid klockan \u00e5tta s\u00e5 fanns tv\u00e5 ambulanser och \u00f6ver tio polisbilar i n\u00e4rheten av platsen d\u00e4r det misst\u00e4nkta brottet \u00e4gt rum. <\/p>\n<p>En kvinna i omr\u00e5det som SVT har varit i kontakt med beskriver att h\u00e4ndelsen har v\u00e4ckt starka obehagsk\u00e4nslor. Hon uppger att polisen har genomf\u00f6rt d\u00f6rrknackning i kvarteret runt den avsp\u00e4rrade platsen.<\/p>\n<p>Texten uppdateras<\/p>\n","protected":false},"excerpt":{"rendered":"Tv\u00e5 hyreshusl\u00e4ngor i S\u00f6derfors har sp\u00e4rrats av och boende i husen har uppmanats att h\u00e5lla sig inne i&hellip;\n","protected":false},"author":2,"featured_media":105585,"comment_status":"","ping_status":"","sticky":false,"template":"","format":"standard","meta":{"footnotes":""},"categories":[5],"tags":[22,23,26,27,17,21,24,25,28,29,15,16,18,34,31,33,32,30,19,20],"class_list":{"0":"post-105584","1":"post","2":"type-post","3":"status-publish","4":"format-standard","5":"has-post-thumbnail","7":"category-rubriker","8":"tag-breaking-news","9":"tag-breakingnews","10":"tag-featured-news","11":"tag-featurednews","12":"tag-headlines","13":"tag-huvudnyheter","14":"tag-latest-news","15":"tag-latestnews","16":"tag-main-news","17":"tag-mainnews","18":"tag-news","19":"tag-nyheter","20":"tag-rubriker","21":"tag-se","22":"tag-svenska","23":"tag-sverige","24":"tag-sweden","25":"tag-swedish","26":"tag-top-stories","27":"tag-topstories"},"share_on_mastodon":{"url":"https:\/\/pubeurope.com\/@se\/115717849973158399","error":""},"_links":{"self":[{"href":"https:\/\/www.europesays.com\/se\/wp-json\/wp\/v2\/posts\/105584","targetHints":{"allow":["GET"]}}],"collection":[{"href":"https:\/\/www.europesays.com\/se\/wp-json\/wp\/v2\/posts"}],"about":[{"href":"https:\/\/www.europesays.com\/se\/wp-json\/wp\/v2\/types\/post"}],"author":[{"embeddable":true,"href":"https:\/\/www.europesays.com\/se\/wp-json\/wp\/v2\/users\/2"}],"replies":[{"embeddable":true,"href":"https:\/\/www.europesays.com\/se\/wp-json\/wp\/v2\/comments?post=105584"}],"version-history":[{"count":0,"href":"https:\/\/www.europesays.com\/se\/wp-json\/wp\/v2\/posts\/105584\/revisions"}],"wp:featuredmedia":[{"embeddable":true,"href":"https:\/\/www.europesays.com\/se\/wp-json\/wp\/v2\/media\/105585"}],"wp:attachment":[{"href":"https:\/\/www.europesays.com\/se\/wp-json\/wp\/v2\/media?parent=105584"}],"wp:term":[{"taxonomy":"category","embeddable":true,"href":"https:\/\/www.europesays.com\/se\/wp-json\/wp\/v2\/categories?post=105584"},{"taxonomy":"post_tag","embeddable":true,"href":"https:\/\/www.europesays.com\/se\/wp-json\/wp\/v2\/tags?post=105584"}],"curies":[{"name":"wp","href":"https:\/\/api.w.org\/{rel}","templated":true}]}}