{"id":105605,"date":"2025-12-14T12:49:22","date_gmt":"2025-12-14T12:49:22","guid":{"rendered":"https:\/\/www.europesays.com\/se\/105605\/"},"modified":"2025-12-14T12:49:22","modified_gmt":"2025-12-14T12:49:22","slug":"ny-satsning-pa-sommarjobb-at-unga-i-tyreso","status":"publish","type":"post","link":"https:\/\/www.europesays.com\/se\/105605\/","title":{"rendered":"Ny satsning p\u00e5 sommarjobb \u00e5t unga i Tyres\u00f6"},"content":{"rendered":"<p class=\"text\">Kommunen ordnar ett s\u00e5 kallat Sommarjobbstorg f\u00f6r unga i b\u00f6rjan av n\u00e4sta \u00e5r. Det inneb\u00e4r att f\u00f6retag som s\u00f6ker sommarjobbare, och unga som s\u00f6ker jobb, kan m\u00f6tas.<\/p>\n<p class=\"text\">\u2013 Syftet \u00e4r att f\u00e5 ut fler ungdomar i jobb och f\u00f6renkla f\u00f6r f\u00f6retagen att hitta arbetskraft. I st\u00e4llet f\u00f6r att f\u00f6retagen f\u00e5r in 3 000 ans\u00f6kningar s\u00e5 kan de g\u00f6ra intervjuer och p\u00e5b\u00f6rja rekryteringen direkt p\u00e5 plats, s\u00e4ger Gunilla Berg, n\u00e4ringslivschef i Tyres\u00f6 kommun.\u00a0<\/p>\n<p><img decoding=\"async\" class=\"Image Image_\" src=\"\" data-aghref=\"http:\/\/www.mitti.se\/image-3.319842.268061.20251214113806.cf617b41ac\" data-agimagetype=\"hardcrop\" alt=\"Tyres\u00f6 gymnasium\"\/><\/p>\n<p class=\"Caption\">Tyres\u00f6 gymnasium<\/p>\n<p class=\"Source\">Sandra Samppala<\/p>\n<p>1 800 elever bjuds in<\/p>\n<p class=\"text\">Alla runt 500 elever p\u00e5 Tyres\u00f6 gymnasium kommer att bjudas in till Sommarjobbstorget, som \u00e4r en del av den st\u00f6rre Framtidsm\u00e4ssan f\u00f6r unga. M\u00e5lgruppen \u00e4r unga i \u00e5ldern 16-20 \u00e5r, enligt Gunilla Berg.<\/p>\n<p class=\"text\">\u2013 Alla unga som s\u00f6ker sommarjobb \u00e4r v\u00e4lkomna. De som vill kan ocks\u00e5 f\u00e5 hj\u00e4lp att uppr\u00e4tta ett CV. Det \u00e4r en bra chans f\u00f6r ungdomarna att tr\u00e4ffa arbetsgivare direkt och kunna st\u00e4lla fr\u00e5gor, till\u00e4gger hon.\u00a0<\/p>\n<p class=\"text\">N\u00e4r det g\u00e4ller Framtidsm\u00e4ssan, som allts\u00e5 arrangeras samtidigt som sommarjobbstorget, s\u00e5 bjuds 1 300 elever i \u00e5rskurs \u00e5tta och nio i Tyres\u00f6 in och f\u00e5r g\u00e5 dit p\u00e5 skoltid. Gymnasieelever \u00e4r f\u00f6rst\u00e5s ocks\u00e5 v\u00e4lkomna d\u00e4r.\u00a0<\/p>\n<p class=\"text\">Den genomf\u00f6rdes f\u00f6r f\u00f6rsta g\u00e5ngen i b\u00f6rjan av 2025 och d\u00e5 deltog ett 20-tal f\u00f6retag. Syftet \u00e4r att eleverna ska f\u00e5 bekanta sig med olika branscher och yrken.<\/p>\n<p class=\"text\">\u2013 Det var v\u00e4ldigt uppskattat, b\u00e5de bland de unga och f\u00f6retagen, s\u00e4ger Gunilla Berg.\u00a0<\/p>\n<p><img decoding=\"async\" class=\"Image Image_\" src=\"\" data-aghref=\"http:\/\/www.mitti.se\/image-3.201558.268061.20251214113806.fd4722c8de\" data-agimagetype=\"hardcrop\" alt=\"Att snygga till i rabatter kan vara ett bra sommarjobb.\"\/><\/p>\n<p class=\"Caption\">Att snygga till i rabatter kan vara ett bra sommarjobb.<\/p>\n<p class=\"Source\">Mostphotos<\/p>\n<p>Mer fokus p\u00e5 jobb inom kommunen<\/p>\n<p class=\"text\">Id\u00e9n \u00e4r att h\u00f6gstadieeleverna ska f\u00e5 inspiration till vad de vill jobba med och utbilda sig till.<\/p>\n<p class=\"text\">\u2013 M\u00e5nga kanske inte k\u00e4nner till vad det faktiskt finns f\u00f6r yrken, och i vilka branscher det finns jobb. Det vill vi hj\u00e4lpa till med h\u00e4r.\u00a0<\/p>\n<p class=\"text\">M\u00e4ssan i januari kommer ha \u00e4nnu mer fokus p\u00e5 yrken inom kommunen, som landskapsarkitekt och trafikplanerare, \u00e4ven jobb som r\u00f6r beredskap.<\/p>\n<p class=\"text\">\u2013 Det kan vara s\u00e4kerhetssamordnare, dr\u00f6narpiloter och liknande, d\u00e4r behovet av personal har \u00f6kat senaste tiden p\u00e5 grund av v\u00e4rldsl\u00e4get, s\u00e4ger hon.\u00a0<\/p>\n<p class=\"text\">Det blir ocks\u00e5 fler yrken p\u00e5 n\u00e4sta \u00e5rs m\u00e4ssa efter \u00f6nskem\u00e5l fr\u00e5n eleverna, bland annat ekonomi, handel, juridik, IT och fastighetsm\u00e4kleri.<\/p>\n<p class=\"faktarubrik\">Sommarjobb och framtid<\/p>\n<p class=\"fakta\">Vad: Sommarjobbstorg och Framtidsm\u00e4ssa f\u00f6r unga<\/p>\n<p class=\"fakta\">Var: Tyres\u00f6 gymnasium<\/p>\n<p class=\"fakta\">N\u00e4r: 21 januari 2026, 9-15. Sommarjobbstorget \u00f6ppnar 11.30.<\/p>\n<p class=\"fakta\">Hur: Gratis intr\u00e4de<\/p>\n<p class=\"fakta\">F\u00f6retag och organisationer som vill vara med anm\u00e4ler intresse senast 9 januari, via tyreso.se.<\/p>\n<p class=\"faktakalla\">K\u00e4lla: Tyres\u00f6 kommun<\/p>\n","protected":false},"excerpt":{"rendered":"Kommunen ordnar ett s\u00e5 kallat Sommarjobbstorg f\u00f6r unga i b\u00f6rjan av n\u00e4sta \u00e5r. Det inneb\u00e4r att f\u00f6retag som&hellip;\n","protected":false},"author":2,"featured_media":105606,"comment_status":"","ping_status":"","sticky":false,"template":"","format":"standard","meta":{"footnotes":""},"categories":[12],"tags":[22,23,26,27,17,21,24,25,28,29,15,16,18,34,31,33,32,30,19,20],"class_list":{"0":"post-105605","1":"post","2":"type-post","3":"status-publish","4":"format-standard","5":"has-post-thumbnail","7":"category-sverige","8":"tag-breaking-news","9":"tag-breakingnews","10":"tag-featured-news","11":"tag-featurednews","12":"tag-headlines","13":"tag-huvudnyheter","14":"tag-latest-news","15":"tag-latestnews","16":"tag-main-news","17":"tag-mainnews","18":"tag-news","19":"tag-nyheter","20":"tag-rubriker","21":"tag-se","22":"tag-svenska","23":"tag-sverige","24":"tag-sweden","25":"tag-swedish","26":"tag-top-stories","27":"tag-topstories"},"share_on_mastodon":{"url":"https:\/\/pubeurope.com\/@se\/115718007273077953","error":""},"_links":{"self":[{"href":"https:\/\/www.europesays.com\/se\/wp-json\/wp\/v2\/posts\/105605","targetHints":{"allow":["GET"]}}],"collection":[{"href":"https:\/\/www.europesays.com\/se\/wp-json\/wp\/v2\/posts"}],"about":[{"href":"https:\/\/www.europesays.com\/se\/wp-json\/wp\/v2\/types\/post"}],"author":[{"embeddable":true,"href":"https:\/\/www.europesays.com\/se\/wp-json\/wp\/v2\/users\/2"}],"replies":[{"embeddable":true,"href":"https:\/\/www.europesays.com\/se\/wp-json\/wp\/v2\/comments?post=105605"}],"version-history":[{"count":0,"href":"https:\/\/www.europesays.com\/se\/wp-json\/wp\/v2\/posts\/105605\/revisions"}],"wp:featuredmedia":[{"embeddable":true,"href":"https:\/\/www.europesays.com\/se\/wp-json\/wp\/v2\/media\/105606"}],"wp:attachment":[{"href":"https:\/\/www.europesays.com\/se\/wp-json\/wp\/v2\/media?parent=105605"}],"wp:term":[{"taxonomy":"category","embeddable":true,"href":"https:\/\/www.europesays.com\/se\/wp-json\/wp\/v2\/categories?post=105605"},{"taxonomy":"post_tag","embeddable":true,"href":"https:\/\/www.europesays.com\/se\/wp-json\/wp\/v2\/tags?post=105605"}],"curies":[{"name":"wp","href":"https:\/\/api.w.org\/{rel}","templated":true}]}}