{"id":105607,"date":"2025-12-14T12:57:14","date_gmt":"2025-12-14T12:57:14","guid":{"rendered":"https:\/\/www.europesays.com\/se\/105607\/"},"modified":"2025-12-14T12:57:14","modified_gmt":"2025-12-14T12:57:14","slug":"omfattande-polisinsats-i-soderfors-stort-omrade-avsparrat-unt","status":"publish","type":"post","link":"https:\/\/www.europesays.com\/se\/105607\/","title":{"rendered":"Omfattande polisinsats i S\u00f6derfors \u2013 stort omr\u00e5de avsp\u00e4rrat &#8211; UNT"},"content":{"rendered":"<ol>\n<li><a href=\"https:\/\/news.google.com\/rss\/articles\/CBMimwFBVV95cUxNZFZTeUJJMkRBTENfbGdzeHZQWERxNnd3LWV2X3RjeU8xVzVpblVmcG9uYmppRWhLUnN0TWg2bGlHRVhUWXhuaU5lanlPQjVIcDFfVVJsMWw4YURfTGVfTTFZdlVEZi1uNVlQbTIzNmxlQk9zNXZpbG9rclFrd1lUMEdtZklHeHcyVk16U3B6MklSc2dJM0JLeW5GQQ?oc=5\" target=\"_blank\" rel=\"nofollow noopener\">Omfattande polisinsats i S\u00f6derfors \u2013 stort omr\u00e5de avsp\u00e4rrat<\/a>&nbsp;&nbsp;UNT<\/li>\n<li><a href=\"https:\/\/news.google.com\/rss\/articles\/CBMiigFBVV95cUxQRXMwZTNvLUJQM1RfNUVadTJLaFF4VnFmUlFQdnhVWVo1VjVsNm80RkJ0Qk11Y3NXVUowc0RNSGVqbWJKYVFENE5aenU0TndvQnp2SXVNVUswX1NFUm5OeVE2bWRqRFZOSXB5S2tqZHFPMy1mWTU1Y0pKTTItUElDUEdpTGJpdDdqN0E?oc=5\" target=\"_blank\" rel=\"nofollow noopener\">Polisinsats \u2013 stort omr\u00e5de avsp\u00e4rrat<\/a>&nbsp;&nbsp;Aftonbladet<\/li>\n<li><a href=\"https:\/\/news.google.com\/rss\/articles\/CBMiekFVX3lxTE1KSzFiTW1oQlNfZ1hTMlVoRHA2RW1RSDRhT0NWeDdTRHM3N3FOWVYzZHc4MUFLQ1lRTHVkNzlzcTVNT1l1MmhyR0QwRUhFQkgya0pENWpOVkZRNlg4WkZfd3lfOXVENWk5V0IyOGdodlBjWjZsaHF3LVhR?oc=5\" target=\"_blank\" rel=\"nofollow noopener\">Stor polisinsats i S\u00f6derfors \u2013 polisen utreder grovt brott<\/a>&nbsp;&nbsp;SVT Nyheter<\/li>\n<li><a href=\"https:\/\/news.google.com\/rss\/articles\/CBMigwFBVV95cUxNZjVSYkVZU29MUXVhX1plSTVKYmdwNlV2RzBzckhfNDZkQWFUMS0tSjh5MkVfSU5CcTFlSU1mdnROMVJtTldvX0dHREljMHBzVVNnQkQtS0cyNUZTSktPMnBvX3hWLVdfSEdsSloweWdFX1NzYjZjOGxuVEJuY21xVDZNMA?oc=5\" target=\"_blank\" rel=\"nofollow noopener\">Misst\u00e4nkt grovt brott i S\u00f6derfors \u2013 stor avsp\u00e4rrning<\/a>&nbsp;&nbsp;Sveriges Radio<\/li>\n<li><a href=\"https:\/\/news.google.com\/rss\/articles\/CBMid0FVX3lxTE5OdU1qMHd1SlRDdHdTWTJjaW1BUjdpcm1HZUlGWlFPME1yMjR5OVRJcDZSNjRCVkdmNm5wZW1oV0x0eWdZM29WLTBNRnhWdVRTeG00V1JOYTEtbEpVOXBXcXpYTDZQTGpEb2Q5aDJvNFFfaVRCZ19N?oc=5\" target=\"_blank\" rel=\"nofollow noopener\">Polisen f\u00f6rtegen om stor insats i S\u00f6derfors<\/a>&nbsp;&nbsp;Omni<\/li>\n<\/ol>\n","protected":false},"excerpt":{"rendered":"Omfattande polisinsats i S\u00f6derfors \u2013 stort omr\u00e5de avsp\u00e4rrat&nbsp;&nbsp;UNT Polisinsats \u2013 stort omr\u00e5de avsp\u00e4rrat&nbsp;&nbsp;Aftonbladet Stor polisinsats i S\u00f6derfors \u2013&hellip;\n","protected":false},"author":2,"featured_media":105608,"comment_status":"","ping_status":"","sticky":false,"template":"","format":"standard","meta":{"footnotes":""},"categories":[12],"tags":[22,23,26,27,17,21,24,25,28,29,15,16,18,34,31,33,32,30,19,20],"class_list":{"0":"post-105607","1":"post","2":"type-post","3":"status-publish","4":"format-standard","5":"has-post-thumbnail","7":"category-sverige","8":"tag-breaking-news","9":"tag-breakingnews","10":"tag-featured-news","11":"tag-featurednews","12":"tag-headlines","13":"tag-huvudnyheter","14":"tag-latest-news","15":"tag-latestnews","16":"tag-main-news","17":"tag-mainnews","18":"tag-news","19":"tag-nyheter","20":"tag-rubriker","21":"tag-se","22":"tag-svenska","23":"tag-sverige","24":"tag-sweden","25":"tag-swedish","26":"tag-top-stories","27":"tag-topstories"},"share_on_mastodon":{"url":"https:\/\/pubeurope.com\/@se\/115718038752227576","error":""},"_links":{"self":[{"href":"https:\/\/www.europesays.com\/se\/wp-json\/wp\/v2\/posts\/105607","targetHints":{"allow":["GET"]}}],"collection":[{"href":"https:\/\/www.europesays.com\/se\/wp-json\/wp\/v2\/posts"}],"about":[{"href":"https:\/\/www.europesays.com\/se\/wp-json\/wp\/v2\/types\/post"}],"author":[{"embeddable":true,"href":"https:\/\/www.europesays.com\/se\/wp-json\/wp\/v2\/users\/2"}],"replies":[{"embeddable":true,"href":"https:\/\/www.europesays.com\/se\/wp-json\/wp\/v2\/comments?post=105607"}],"version-history":[{"count":0,"href":"https:\/\/www.europesays.com\/se\/wp-json\/wp\/v2\/posts\/105607\/revisions"}],"wp:featuredmedia":[{"embeddable":true,"href":"https:\/\/www.europesays.com\/se\/wp-json\/wp\/v2\/media\/105608"}],"wp:attachment":[{"href":"https:\/\/www.europesays.com\/se\/wp-json\/wp\/v2\/media?parent=105607"}],"wp:term":[{"taxonomy":"category","embeddable":true,"href":"https:\/\/www.europesays.com\/se\/wp-json\/wp\/v2\/categories?post=105607"},{"taxonomy":"post_tag","embeddable":true,"href":"https:\/\/www.europesays.com\/se\/wp-json\/wp\/v2\/tags?post=105607"}],"curies":[{"name":"wp","href":"https:\/\/api.w.org\/{rel}","templated":true}]}}