{"id":105609,"date":"2025-12-14T12:58:08","date_gmt":"2025-12-14T12:58:08","guid":{"rendered":"https:\/\/www.europesays.com\/se\/105609\/"},"modified":"2025-12-14T12:58:08","modified_gmt":"2025-12-14T12:58:08","slug":"samuelsson-sakrade-bronset-sverige-upp-fran-16e-plats","status":"publish","type":"post","link":"https:\/\/www.europesays.com\/se\/105609\/","title":{"rendered":"Samuelsson s\u00e4krade bronset \u2013 Sverige upp fr\u00e5n 16:e plats"},"content":{"rendered":"<p>Sveriges herrlag i skidskytte tog tredjeplatsen i v\u00e4rldscupstafetten i Hochfilzen efter en stark upph\u00e4mtning, rapporterar SVT. Norge vann t\u00e4vlingen f\u00f6re Frankrike.<\/p>\n<p>Jesper Nelin inledde tungt och v\u00e4xlade som 16:e lag, men Malte Stefansson, Martin Ponsiluoma och Sebastian Samuelsson k\u00f6rde upp Sverige till pallen. Ponsiluoma lyfte laget fr\u00e5n tolfte till sj\u00e4tte plats, och Samuelsson s\u00e4krade bronset efter fullt skytte p\u00e5 sista str\u00e4ckan.<\/p>\n<p>\u2013 Styrkebesked. Det var mycket bra. En k\u00e4mpastafett, s\u00e4ger SVT:s expert Bj\u00f6rn Ferry.<\/p>\n<p>Omni \u00e4r politiskt obundna och oberoende. Vi str\u00e4var efter att ge fler perspektiv p\u00e5 nyheterna. Har du fr\u00e5gor eller synpunkter kring v\u00e5r rapportering? <a href=\"https:\/\/omni.se\/samuelsson-sakrade-bronset-sverige-upp-fran-16-e-plats\/a\/mailto:redaktion@omni.se\" class=\"ArticleActions_contactLink__W2F1M\" rel=\"nofollow noopener\" target=\"_blank\">Kontakta redaktionen<\/a><\/p>\n","protected":false},"excerpt":{"rendered":"Sveriges herrlag i skidskytte tog tredjeplatsen i v\u00e4rldscupstafetten i Hochfilzen efter en stark upph\u00e4mtning, rapporterar SVT. Norge vann&hellip;\n","protected":false},"author":2,"featured_media":105610,"comment_status":"","ping_status":"","sticky":false,"template":"","format":"standard","meta":{"footnotes":""},"categories":[5],"tags":[11840,22,23,26,27,17,21,11839,24,25,28,29,7443,15,16,18,34,7444,3420,31,33,32,30,19,20],"class_list":{"0":"post-105609","1":"post","2":"type-post","3":"status-publish","4":"format-standard","5":"has-post-thumbnail","7":"category-rubriker","8":"tag-bjorn-ferry","9":"tag-breaking-news","10":"tag-breakingnews","11":"tag-featured-news","12":"tag-featurednews","13":"tag-headlines","14":"tag-huvudnyheter","15":"tag-jesper-nelin","16":"tag-latest-news","17":"tag-latestnews","18":"tag-main-news","19":"tag-mainnews","20":"tag-martin-ponsiluoma","21":"tag-news","22":"tag-nyheter","23":"tag-rubriker","24":"tag-se","25":"tag-sebastian-samuelsson","26":"tag-skidskytte","27":"tag-svenska","28":"tag-sverige","29":"tag-sweden","30":"tag-swedish","31":"tag-top-stories","32":"tag-topstories"},"share_on_mastodon":{"url":"https:\/\/pubeurope.com\/@se\/115718042625982023","error":""},"_links":{"self":[{"href":"https:\/\/www.europesays.com\/se\/wp-json\/wp\/v2\/posts\/105609","targetHints":{"allow":["GET"]}}],"collection":[{"href":"https:\/\/www.europesays.com\/se\/wp-json\/wp\/v2\/posts"}],"about":[{"href":"https:\/\/www.europesays.com\/se\/wp-json\/wp\/v2\/types\/post"}],"author":[{"embeddable":true,"href":"https:\/\/www.europesays.com\/se\/wp-json\/wp\/v2\/users\/2"}],"replies":[{"embeddable":true,"href":"https:\/\/www.europesays.com\/se\/wp-json\/wp\/v2\/comments?post=105609"}],"version-history":[{"count":0,"href":"https:\/\/www.europesays.com\/se\/wp-json\/wp\/v2\/posts\/105609\/revisions"}],"wp:featuredmedia":[{"embeddable":true,"href":"https:\/\/www.europesays.com\/se\/wp-json\/wp\/v2\/media\/105610"}],"wp:attachment":[{"href":"https:\/\/www.europesays.com\/se\/wp-json\/wp\/v2\/media?parent=105609"}],"wp:term":[{"taxonomy":"category","embeddable":true,"href":"https:\/\/www.europesays.com\/se\/wp-json\/wp\/v2\/categories?post=105609"},{"taxonomy":"post_tag","embeddable":true,"href":"https:\/\/www.europesays.com\/se\/wp-json\/wp\/v2\/tags?post=105609"}],"curies":[{"name":"wp","href":"https:\/\/api.w.org\/{rel}","templated":true}]}}