{"id":105612,"date":"2025-12-14T13:08:08","date_gmt":"2025-12-14T13:08:08","guid":{"rendered":"https:\/\/www.europesays.com\/se\/105612\/"},"modified":"2025-12-14T13:08:08","modified_gmt":"2025-12-14T13:08:08","slug":"skidskytte-overlagsen-norsk-stafettseger-sverige-knep-pallplats","status":"publish","type":"post","link":"https:\/\/www.europesays.com\/se\/105612\/","title":{"rendered":"Skidskytte: \u00d6verl\u00e4gsen norsk stafettseger \u2013 Sverige knep pallplats"},"content":{"rendered":"<p>Efter en svag f\u00f6rsta str\u00e4cka av Jesper Nelin s\u00e5g det, efter halva loppet, ut att bli en tung svensk stafett.<\/p>\n<p>\u2013 Han s\u00e4ger det sj\u00e4lv, att han k\u00e4nner sig os\u00e4ker, s\u00e4ger Ferry.<\/p>\n<p>Men Martin Ponsiluoma, p\u00e5 tredje str\u00e4ckan, lyckades lyfta Sverige fr\u00e5n en tolfteplats hela v\u00e4gen till sj\u00e4tteplats inf\u00f6r Sebastian Samuelssons avslutande str\u00e4cka.<\/p>\n<p>D\u00e4r blev det en dramatisk duell med Tyskland och USA om tredjeplatsen.<\/p>\n<p>Men efter ett snabbt och fullt avslutande skytte av Samuelsson s\u00e5 fullbordade Sverige upph\u00e4mtningen och slutade trea.<\/p>\n<p>Samuelsson b\u00e4rgade pallplats<\/p>\n<p>\u2013 Snyggt av Samuelsson. 22,5 sekunder, s\u00e4ger SVT:s expert Bj\u00f6rn Ferry.<\/p>\n<p>\u2013 Det vart en h\u00e4rlig fajt med Tyskland och USA framf\u00f6rallt. Jag fick g\u00e5 ut med det jag hade och \u00e4r v\u00e4ldigt n\u00f6jd med hur jag genomf\u00f6r st\u00e5serien framf\u00f6rallt, s\u00e4ger Samuellsson efter m\u00e5lg\u00e5ng.<\/p>\n<p>\u00c4ven Malte Stefansson, som inte k\u00f6rt m\u00e5nga v\u00e4rldscupstafetter i karri\u00e4ren, stod f\u00f6r en stark str\u00e4cka.<\/p>\n<p>\u2013 Den var bra. Man \u00e4r lite pirrig, s\u00e4ger han efter att ha v\u00e4xlat \u00f6ver till Ponsiluoma.<\/p>\n<p>Norsk storseger efter duell med Frankrike<\/p>\n<p>En duell blev det ocks\u00e5 om segern mellan de tv\u00e5 giganterna Norge och Frankrike.<\/p>\n<p>D\u00e4r v\u00e5rt grannlands drog det l\u00e4ngsta str\u00e5et och vann, bland annat efter en imponerande tredjestr\u00e4cka av Strula Holm L\u00e4greid.<\/p>\n<p>\u2013 Segermarginalen blir stor. \u00d6verl\u00e4gsna p\u00e5 samma s\u00e4tt som Sverige ig\u00e5r, s\u00e4ger kommentator Niklas Nord.<\/p>\n<p>Repris p\u00e5 f\u00f6rra helgens stafett i \u00d6stersund d\u00e4rmed med Norge, Frankrike och Sverige p\u00e5 pallen.<\/p>\n","protected":false},"excerpt":{"rendered":"Efter en svag f\u00f6rsta str\u00e4cka av Jesper Nelin s\u00e5g det, efter halva loppet, ut att bli en tung&hellip;\n","protected":false},"author":2,"featured_media":105613,"comment_status":"","ping_status":"","sticky":false,"template":"","format":"standard","meta":{"footnotes":""},"categories":[5],"tags":[22,23,26,27,17,21,24,25,28,29,15,16,18,34,31,33,32,30,19,20],"class_list":{"0":"post-105612","1":"post","2":"type-post","3":"status-publish","4":"format-standard","5":"has-post-thumbnail","7":"category-rubriker","8":"tag-breaking-news","9":"tag-breakingnews","10":"tag-featured-news","11":"tag-featurednews","12":"tag-headlines","13":"tag-huvudnyheter","14":"tag-latest-news","15":"tag-latestnews","16":"tag-main-news","17":"tag-mainnews","18":"tag-news","19":"tag-nyheter","20":"tag-rubriker","21":"tag-se","22":"tag-svenska","23":"tag-sverige","24":"tag-sweden","25":"tag-swedish","26":"tag-top-stories","27":"tag-topstories"},"share_on_mastodon":{"url":"https:\/\/pubeurope.com\/@se\/115718081930463818","error":""},"_links":{"self":[{"href":"https:\/\/www.europesays.com\/se\/wp-json\/wp\/v2\/posts\/105612","targetHints":{"allow":["GET"]}}],"collection":[{"href":"https:\/\/www.europesays.com\/se\/wp-json\/wp\/v2\/posts"}],"about":[{"href":"https:\/\/www.europesays.com\/se\/wp-json\/wp\/v2\/types\/post"}],"author":[{"embeddable":true,"href":"https:\/\/www.europesays.com\/se\/wp-json\/wp\/v2\/users\/2"}],"replies":[{"embeddable":true,"href":"https:\/\/www.europesays.com\/se\/wp-json\/wp\/v2\/comments?post=105612"}],"version-history":[{"count":0,"href":"https:\/\/www.europesays.com\/se\/wp-json\/wp\/v2\/posts\/105612\/revisions"}],"wp:featuredmedia":[{"embeddable":true,"href":"https:\/\/www.europesays.com\/se\/wp-json\/wp\/v2\/media\/105613"}],"wp:attachment":[{"href":"https:\/\/www.europesays.com\/se\/wp-json\/wp\/v2\/media?parent=105612"}],"wp:term":[{"taxonomy":"category","embeddable":true,"href":"https:\/\/www.europesays.com\/se\/wp-json\/wp\/v2\/categories?post=105612"},{"taxonomy":"post_tag","embeddable":true,"href":"https:\/\/www.europesays.com\/se\/wp-json\/wp\/v2\/tags?post=105612"}],"curies":[{"name":"wp","href":"https:\/\/api.w.org\/{rel}","templated":true}]}}