{"id":105618,"date":"2025-12-14T13:18:08","date_gmt":"2025-12-14T13:18:08","guid":{"rendered":"https:\/\/www.europesays.com\/se\/105618\/"},"modified":"2025-12-14T13:18:08","modified_gmt":"2025-12-14T13:18:08","slug":"tre-kronor-vann-swiss-hockey-games-obesegrade-tre-kronor","status":"publish","type":"post","link":"https:\/\/www.europesays.com\/se\/105618\/","title":{"rendered":"Tre Kronor vann Swiss Hockey Games \u2013 obesegrade | Tre Kronor"},"content":{"rendered":"<p>Publicerad 14 dec 2025 kl 13.59Uppdaterad kl 14.08<\/p>\n<p>Livet leker f\u00f6r Sam Hallam.\u00a0<\/p>\n<p>Tre Kronor tog hem hela Swiss Hockey Games.\u00a0<\/p>\n<p>Det efter att ha besegrat Tjeckien i den sista matchen.\u00a0<\/p>\n<p><img   alt=\"\"\/><\/p>\n<p>Sverige nollade Tjeckien p\u00e5 s\u00f6ndagen.<\/p>\n<p>Foto: NICO ILIC \/ BILDBYR\u00c5N<\/p>\n<p>\u00d6ppna bild i helsk\u00e4rm<img loading=\"lazy\"   alt=\"\"\/><\/p>\n<p>Sverige vann alla matcher i Swiss Hockey Games.<\/p>\n<p>Foto: BILDBYR\u00c5N EXT \/ BILDBYR\u00c5N<\/p>\n<p>\u00d6ppna bild i helsk\u00e4rm<\/p>\n<p>Det l\u00e4r inte vara n\u00e5gon spelare som tar plats i OS-laget, men f\u00f6rbundskapten Sam Hallam har vevat i g\u00e5ng maskineriet inf\u00f6r spelen i februari.\u00a0<\/p>\n<p>Under s\u00f6ndagen s\u00e4krade Sverige turneringssegern i Swiss Hockey Games efter att ha vunnit mot Tjeckien med 5\u20130 i den sista matchen.\u00a0<\/p>\n<p>\u2013 Jag tycker vi har haft en bra lagk\u00e4nsla sedan start och spelar p\u00e5 ett r\u00e4tt s\u00e4tt, h\u00e5rt s\u00e4tt, osj\u00e4lviskt s\u00e4tt, svenskt s\u00e4tt, s\u00e4ger Hallam.<\/p>\n<p>Laget gick obesegrade genom hela turneringen efter att ocks\u00e5 ha vunnit mot Finland och Schweiz.\u00a0<\/p>\n<p>Det \u00e4r andra raka Euro Hockey Tour-turneringen man vinner \u2013 och g\u00e5r obesegrade genom \u2013 den h\u00e4r s\u00e4songen.\u00a0<\/p>\n<p>Nollade Tjeckien<\/p>\n<p>Marcus S\u00f6rensen \u00f6ppnade m\u00e5lskyttet i powerplay i den f\u00f6rsta perioden.<\/p>\n<p>Efter en m\u00e5ll\u00f6s mittakt fyllde sedan Andr\u00e9 Peterson och Rickard Hugg p\u00e5 i den tredje perioden,\u00a0<\/p>\n<p>I slutminuterna fastst\u00e4llde P\u00e4r Lindholm och Dennis Rasmussen slutsiffrorna till 5\u20130 med tv\u00e5 snabba m\u00e5l.\u00a0<\/p>\n<p>Lasse Johansson fick d\u00e4rmed avsluta turneringen med en h\u00e5llen nolla.\u00a0<\/p>\n<p>\u2013 Lasse har gjort det bra. Men Arvid Holm har gjort det v\u00e4ldigt bra ocks\u00e5. De f\u00e5r en bra resa och lite m\u00e5lchanser emot, s\u00e4ger Hallam.\u00a0<\/p>\n","protected":false},"excerpt":{"rendered":"Publicerad 14 dec 2025 kl 13.59Uppdaterad kl 14.08 Livet leker f\u00f6r Sam Hallam.\u00a0 Tre Kronor tog hem hela&hellip;\n","protected":false},"author":2,"featured_media":105619,"comment_status":"","ping_status":"","sticky":false,"template":"","format":"standard","meta":{"footnotes":""},"categories":[68],"tags":[1169,34,255,4674,111,110,31,33,32,30],"class_list":{"0":"post-105618","1":"post","2":"type-post","3":"status-publish","4":"format-standard","5":"has-post-thumbnail","7":"category-sport","8":"tag-organization-tre-kronor","9":"tag-se","10":"tag-sections-ishockey","11":"tag-sections-trekronor","12":"tag-sport","13":"tag-sports","14":"tag-svenska","15":"tag-sverige","16":"tag-sweden","17":"tag-swedish"},"share_on_mastodon":{"url":"https:\/\/pubeurope.com\/@se\/115718121339910496","error":""},"_links":{"self":[{"href":"https:\/\/www.europesays.com\/se\/wp-json\/wp\/v2\/posts\/105618","targetHints":{"allow":["GET"]}}],"collection":[{"href":"https:\/\/www.europesays.com\/se\/wp-json\/wp\/v2\/posts"}],"about":[{"href":"https:\/\/www.europesays.com\/se\/wp-json\/wp\/v2\/types\/post"}],"author":[{"embeddable":true,"href":"https:\/\/www.europesays.com\/se\/wp-json\/wp\/v2\/users\/2"}],"replies":[{"embeddable":true,"href":"https:\/\/www.europesays.com\/se\/wp-json\/wp\/v2\/comments?post=105618"}],"version-history":[{"count":0,"href":"https:\/\/www.europesays.com\/se\/wp-json\/wp\/v2\/posts\/105618\/revisions"}],"wp:featuredmedia":[{"embeddable":true,"href":"https:\/\/www.europesays.com\/se\/wp-json\/wp\/v2\/media\/105619"}],"wp:attachment":[{"href":"https:\/\/www.europesays.com\/se\/wp-json\/wp\/v2\/media?parent=105618"}],"wp:term":[{"taxonomy":"category","embeddable":true,"href":"https:\/\/www.europesays.com\/se\/wp-json\/wp\/v2\/categories?post=105618"},{"taxonomy":"post_tag","embeddable":true,"href":"https:\/\/www.europesays.com\/se\/wp-json\/wp\/v2\/tags?post=105618"}],"curies":[{"name":"wp","href":"https:\/\/api.w.org\/{rel}","templated":true}]}}