{"id":105626,"date":"2025-12-14T13:29:25","date_gmt":"2025-12-14T13:29:25","guid":{"rendered":"https:\/\/www.europesays.com\/se\/105626\/"},"modified":"2025-12-14T13:29:25","modified_gmt":"2025-12-14T13:29:25","slug":"meira-omars-barnplaner-med-oskar-nordstrand","status":"publish","type":"post","link":"https:\/\/www.europesays.com\/se\/105626\/","title":{"rendered":"Meira Omars barnplaner med Oskar Nordstrand"},"content":{"rendered":"<p>Publicerad 14 dec 2025 kl 14.03<\/p>\n<p>Meira Omars Mellobidrag 2026 \u00e4r en k\u00e4rlekshyllning till maken Oskar Nordstrand.<\/p>\n<p>Tidigare \u201dLove is blind\u201d-deltagaren avsl\u00f6jar nu hur m\u00e5nga barn paret vill ha.<\/p>\n<p>\u2013 Vi har b\u00e5da v\u00e4ldigt m\u00e5nga syskon, s\u00e4ger Omar.<\/p>\n<p><img loading=\"lazy\"   alt=\"\"\/><\/p>\n<p>Meira Omar t\u00e4vlar i Melodifestivalen 2026.<\/p>\n<p>Foto: CARL-ERIK PAULIN \/ STELLA PICTURES<\/p>\n<p>\u00d6ppna bild i helsk\u00e4rm<img loading=\"lazy\"   alt=\"\"\/><\/p>\n<p>Meira Omar och Oskar Nordstrand tr\u00e4ffades och gifte sig i \u201dLove is blind\u201d 2024.<\/p>\n<p>Foto: OLLE SPORRONG<\/p>\n<p>\u00d6ppna bild i helsk\u00e4rm<\/p>\n<p><a href=\"https:\/\/www.expressen.se\/tagg\/person\/meira-omar\/\" class=\"\" rel=\"nofollow noopener\" target=\"_blank\">Meira Omar<\/a>, 32, gifte sig med i Oskar Nordstrand, 34, i f\u00f6rsta s\u00e4songen av \u201dLove is blind\u201d 2024.<\/p>\n<p>Tidigare i \u00e5r debuterade hon i Melodifestivalen med l\u00e5ten \u201dHush hush\u201d och gick till final. N\u00e4sta \u00e5r \u00e4r hon tillbaka i Mello.<\/p>\n<p>Hon sjunger d\u00e5 l\u00e5ten \u201dDooset daram\u201d som betyder \u201djag \u00e4lskar dig\u201d p\u00e5 farsi. L\u00e5ten beskriver hon som en \u201dbrinnande k\u00e4rlekshyllning\u201d till maken Oskar Nordstrand.<\/p>\n<p>\u2013 Det finns sm\u00e5 hintar i texten om hur vi tr\u00e4ffades och v\u00e5r story. Det \u00e4r extra allt. S\u00e5 den som lyssnar noga kommer h\u00f6ra det, s\u00e4ger hon.<\/p>\n<p>Meira Omar t\u00e4vlar i den fj\u00e4rde delt\u00e4vlingen av Melodifestivalen 2026 den 21 februari i Malm\u00f6.<\/p>\n<p>Efter Mello vill s\u00e5ngerskan forts\u00e4tta g\u00f6ra musik och l\u00e4ngre fram dr\u00f6mmer hon \u00e4ven om att ut\u00f6ka familjen ihop med Oskar.\u00a0<\/p>\n<p>S\u00e5 m\u00e5nga barn vill paret ha<\/p>\n<p>Paret har redan best\u00e4mt hur m\u00e5nga barn de vill ha om de f\u00e5r v\u00e4lja.<\/p>\n<p>\u2013 Vi \u00e4r ganska \u00f6verens om att det \u00e4r tv\u00e5. Vi har b\u00e5da v\u00e4ldigt m\u00e5nga syskon. Oskar har fem br\u00f6der och jag \u00e4r ocks\u00e5 en av fem. S\u00e5 vi vill bara ha tv\u00e5, det r\u00e4cker, s\u00e4ger Meira och skrattar.<\/p>\n","protected":false},"excerpt":{"rendered":"Publicerad 14 dec 2025 kl 14.03 Meira Omars Mellobidrag 2026 \u00e4r en k\u00e4rlekshyllning till maken Oskar Nordstrand. Tidigare&hellip;\n","protected":false},"author":2,"featured_media":105627,"comment_status":"","ping_status":"","sticky":false,"template":"","format":"standard","meta":{"footnotes":""},"categories":[67],"tags":[104,3055,11841,34,31,33,32,30,547,105],"class_list":{"0":"post-105626","1":"post","2":"type-post","3":"status-publish","4":"format-standard","5":"has-post-thumbnail","7":"category-underhallning","8":"tag-entertainment","9":"tag-organization-melodifestivalen","10":"tag-person-meira-omar","11":"tag-se","12":"tag-svenska","13":"tag-sverige","14":"tag-sweden","15":"tag-swedish","16":"tag-topic-karlek-relationer","17":"tag-underhallning"},"share_on_mastodon":{"url":"https:\/\/pubeurope.com\/@se\/115718164600180218","error":""},"_links":{"self":[{"href":"https:\/\/www.europesays.com\/se\/wp-json\/wp\/v2\/posts\/105626","targetHints":{"allow":["GET"]}}],"collection":[{"href":"https:\/\/www.europesays.com\/se\/wp-json\/wp\/v2\/posts"}],"about":[{"href":"https:\/\/www.europesays.com\/se\/wp-json\/wp\/v2\/types\/post"}],"author":[{"embeddable":true,"href":"https:\/\/www.europesays.com\/se\/wp-json\/wp\/v2\/users\/2"}],"replies":[{"embeddable":true,"href":"https:\/\/www.europesays.com\/se\/wp-json\/wp\/v2\/comments?post=105626"}],"version-history":[{"count":0,"href":"https:\/\/www.europesays.com\/se\/wp-json\/wp\/v2\/posts\/105626\/revisions"}],"wp:featuredmedia":[{"embeddable":true,"href":"https:\/\/www.europesays.com\/se\/wp-json\/wp\/v2\/media\/105627"}],"wp:attachment":[{"href":"https:\/\/www.europesays.com\/se\/wp-json\/wp\/v2\/media?parent=105626"}],"wp:term":[{"taxonomy":"category","embeddable":true,"href":"https:\/\/www.europesays.com\/se\/wp-json\/wp\/v2\/categories?post=105626"},{"taxonomy":"post_tag","embeddable":true,"href":"https:\/\/www.europesays.com\/se\/wp-json\/wp\/v2\/tags?post=105626"}],"curies":[{"name":"wp","href":"https:\/\/api.w.org\/{rel}","templated":true}]}}