{"id":105636,"date":"2025-12-14T13:40:16","date_gmt":"2025-12-14T13:40:16","guid":{"rendered":"https:\/\/www.europesays.com\/se\/105636\/"},"modified":"2025-12-14T13:40:16","modified_gmt":"2025-12-14T13:40:16","slug":"en-gripen-efter-skjutning-pa-universitet-i-usa","status":"publish","type":"post","link":"https:\/\/www.europesays.com\/se\/105636\/","title":{"rendered":"En gripen efter skjutning p\u00e5 universitet i USA"},"content":{"rendered":"<p class=\"boxtextgrotesk-root_baa6 hyperion-css-7pajle\">Uppdaterad 14.00 | Publicerad 2025-12-13 23.41<\/p>\n<p>share-arrowDela<\/p>\n<p>unsaveSpara<\/p>\n<p>chevron-leftf\u00f6reg\u00e5ende<\/p>\n<ul class=\"carousel-container-viewport\" style=\"transform:translate3d(0%, 0, 0)\">\n<li class=\"carousel-slide\" style=\"z-index:1;filter:none(1);padding-bottom:66.68421%\"><img decoding=\"async\" class=\"image-asset hyperion-css-u06ts1\" data-test-tag=\"image-asset\" src=\"https:\/\/www.europesays.com\/se\/wp-content\/uploads\/2025\/12\/38e8d9f0-cdd5-4149-9f30-4c92312f7b12\"  alt=\"\"  fetchpriority=\"auto\" style=\"aspect-ratio:1900 \/ 1267\"\/><\/li>\n<li class=\"carousel-slide\" style=\"filter:none(0.3);padding-bottom:66.68421%\"><img decoding=\"async\" class=\"image-asset hyperion-css-u06ts1\" data-test-tag=\"image-asset\" src=\"https:\/\/www.europesays.com\/se\/wp-content\/uploads\/2025\/12\/e197890a-ba43-403d-b4cd-4ef8114bb730\"  alt=\"\"  fetchpriority=\"auto\" style=\"aspect-ratio:1900 \/ 1438\"\/><\/li>\n<\/ul>\n<p>expand-left<\/p>\n<p>helsk\u00e4rmchevron-rightn\u00e4staEn insatsstyrka samlad i ett bibliotek p\u00e5 universitetet efter skjutningen.<\/p>\n<p>1 \/ 2Foto: Lily Speredelozzi\/The Sun Chronicle Via AP\/TT<\/p>\n<p class=\"hyperion-css-1shl3oz\" data-test-tag=\"lead-text\">Tv\u00e5 studenter sk\u00f6ts ihj\u00e4l och nio personer skadades i en skottlossning p\u00e5 prestigeuniversitetet Brown i USA under l\u00f6rdagen. Nu har en person \u201dav intresse\u201d gripits, enligt amerikanska medier.<\/p>\n<p class=\"hyperion-css-1v9qo5x\">Frihetsber\u00f6vandet skedde p\u00e5 s\u00f6ndagsmorgonen, lokal tid, och polisen s\u00f6ker i nul\u00e4get inte efter n\u00e5gra andra personer, skriver NBC.<\/p>\n<p class=\"hyperion-css-1v9qo5x\">Samtliga d\u00f6dade och skadade var studenter, uppger Browns rektor Christina H Paxson.<\/p>\n<p class=\"hyperion-css-1v9qo5x\">\u2013 V\u00e5rt fokus nu \u00e4r att st\u00f6tta dem som drabbats, familjerna till de tv\u00e5 elever som miste sina liv i dag, s\u00e4ger Paxson.<\/p>\n<p class=\"hyperion-css-1v9qo5x\">Polisen sl\u00e4ppte vid 23-tiden lokal tid ett klipp fr\u00e5n en \u00f6vervakningskamera som visar den misst\u00e4nkte skytten i n\u00e4rheten av universitetet.<\/p>\n<p class=\"hyperion-css-1v9qo5x\">Det hade d\u00e5 g\u00e5tt runt sju timmar sedan skolans larmsystem skickade ut varningar om en p\u00e5g\u00e5ende skottlossning.<\/p>\n<p class=\"hyperion-css-1v9qo5x\">Omkring 11\u00a0000 studenter g\u00e5r p\u00e5 Brown, som ligger i delstaten Rhode Island och \u00e4r ett av USA:s s\u00e5 kallade Ivy League-universitet.<\/p>\n<p class=\"hyperion-css-1v9qo5x\">USA:s president Donald Trump har informerats om situationen.<\/p>\n","protected":false},"excerpt":{"rendered":"Uppdaterad 14.00 | Publicerad 2025-12-13 23.41 share-arrowDela unsaveSpara chevron-leftf\u00f6reg\u00e5ende expand-left helsk\u00e4rmchevron-rightn\u00e4staEn insatsstyrka samlad i ett bibliotek p\u00e5 universitetet&hellip;\n","protected":false},"author":2,"featured_media":105637,"comment_status":"","ping_status":"","sticky":false,"template":"","format":"standard","meta":{"footnotes":""},"categories":[14],"tags":[22,23,26,27,17,21,24,25,28,29,15,16,18,34,31,33,32,30,19,20,51,52,53,54],"class_list":{"0":"post-105636","1":"post","2":"type-post","3":"status-publish","4":"format-standard","5":"has-post-thumbnail","7":"category-varlden","8":"tag-breaking-news","9":"tag-breakingnews","10":"tag-featured-news","11":"tag-featurednews","12":"tag-headlines","13":"tag-huvudnyheter","14":"tag-latest-news","15":"tag-latestnews","16":"tag-main-news","17":"tag-mainnews","18":"tag-news","19":"tag-nyheter","20":"tag-rubriker","21":"tag-se","22":"tag-svenska","23":"tag-sverige","24":"tag-sweden","25":"tag-swedish","26":"tag-top-stories","27":"tag-topstories","28":"tag-varlden","29":"tag-world","30":"tag-world-news","31":"tag-worldnews"},"share_on_mastodon":{"url":"https:\/\/pubeurope.com\/@se\/115718208028384298","error":""},"_links":{"self":[{"href":"https:\/\/www.europesays.com\/se\/wp-json\/wp\/v2\/posts\/105636","targetHints":{"allow":["GET"]}}],"collection":[{"href":"https:\/\/www.europesays.com\/se\/wp-json\/wp\/v2\/posts"}],"about":[{"href":"https:\/\/www.europesays.com\/se\/wp-json\/wp\/v2\/types\/post"}],"author":[{"embeddable":true,"href":"https:\/\/www.europesays.com\/se\/wp-json\/wp\/v2\/users\/2"}],"replies":[{"embeddable":true,"href":"https:\/\/www.europesays.com\/se\/wp-json\/wp\/v2\/comments?post=105636"}],"version-history":[{"count":0,"href":"https:\/\/www.europesays.com\/se\/wp-json\/wp\/v2\/posts\/105636\/revisions"}],"wp:featuredmedia":[{"embeddable":true,"href":"https:\/\/www.europesays.com\/se\/wp-json\/wp\/v2\/media\/105637"}],"wp:attachment":[{"href":"https:\/\/www.europesays.com\/se\/wp-json\/wp\/v2\/media?parent=105636"}],"wp:term":[{"taxonomy":"category","embeddable":true,"href":"https:\/\/www.europesays.com\/se\/wp-json\/wp\/v2\/categories?post=105636"},{"taxonomy":"post_tag","embeddable":true,"href":"https:\/\/www.europesays.com\/se\/wp-json\/wp\/v2\/tags?post=105636"}],"curies":[{"name":"wp","href":"https:\/\/api.w.org\/{rel}","templated":true}]}}