{"id":105638,"date":"2025-12-14T13:41:07","date_gmt":"2025-12-14T13:41:07","guid":{"rendered":"https:\/\/www.europesays.com\/se\/105638\/"},"modified":"2025-12-14T13:41:07","modified_gmt":"2025-12-14T13:41:07","slug":"pussla-ihop-sveriges-regering-svt-nyheter","status":"publish","type":"post","link":"https:\/\/www.europesays.com\/se\/105638\/","title":{"rendered":"Pussla ihop Sveriges regering | SVT Nyheter"},"content":{"rendered":"<p class=\"_mod_center_bcylm_40 _text-base_bcylm_1 _mod_fet_1c9tm_25 _mod_default_1c9tm_1\">Det \u00e4r X dagar kvar till valet. Kan du gissa vilka som kommer att styra landet efter n\u00e4sta val? Till din hj\u00e4lp finns Mats Knutson \u2013 om ni har r\u00e4tt f\u00e5r vi veta om tidigast ett \u00e5r &#8211; men s\u00e5 h\u00e4r ser f\u00f6ruts\u00e4ttningarna ut just nu.<\/p>\n<p class=\"_mod_kursiv_1c9tm_30 _mod_default_1c9tm_1 _mod_center_bcylm_40 _text-base_bcylm_1\">Underlaget \u00e4r den senaste m\u00e4tningen fr\u00e5n Verian.<\/p>\n<p class=\"_mod_center_bcylm_40 _text-base_bcylm_1 _mod_900_bcylm_86 _text-base_bcylm_1 _mod_default_1c9tm_1\">\ud83d\udc47 Flytta klossarna och bilda n\u00e4sta regering<\/p>\n<p>S\u00e5 r\u00e4knas andelen mandat ut<\/p>\n<p class=\"_mod_text_bcylm_29 _text-base_bcylm_1 _mod_default_1c9tm_1\">F\u00f6r att en regering ska f\u00e5 egen majoritet kr\u00e4vs minst 175 av riksdagens 349 mandat. Hamnar en koalition under den gr\u00e4nsen beh\u00f6ver den st\u00f6d fr\u00e5n ett eller flera andra partier.<\/p>\n<p class=\"_mod_text_bcylm_29 _text-base_bcylm_1 _mod_default_1c9tm_1\">H\u00e4r nedanf\u00f6r ser du hur mandatf\u00f6rdelningen ber\u00e4knas utifr\u00e5n den senaste SVT\/Verian V\u00e4ljarbarometern. Partier som inte klarar fyraprocentssp\u00e4rren f\u00e5r inga mandat alls.<\/p>\n<p>Relaterat<\/p>\n<p class=\"_mod_text_bcylm_29 _text-base_bcylm_1 _mod_default_1sfu0_1\"><a href=\"https:\/\/www.svt.se\/datajournalistik\/val2026\/pussla-ihop-sveriges-regering\/mailto:oskar.nyqvist@svt.se\" class=\"_link_1sfu0_11\" rel=\"nofollow noopener\" target=\"_blank\">Oskar Nyqvist<\/a>Datajournalist<\/p>\n<p class=\"_mod_text_bcylm_29 _text-base_bcylm_1 _mod_default_1sfu0_1\"><a href=\"https:\/\/www.svt.se\/datajournalistik\/val2026\/pussla-ihop-sveriges-regering\/mailto:mats.knutson@svt.se\" class=\"_link_1sfu0_11\" rel=\"nofollow noopener\" target=\"_blank\">Mats Knutson<\/a>Inrikespolitisk kommentator<\/p>\n<p class=\"_mod_text_bcylm_29 _text-base_bcylm_1 _mod_default_1sfu0_1\"><a href=\"https:\/\/www.svt.se\/datajournalistik\/val2026\/pussla-ihop-sveriges-regering\/mailto:datajournalistik@svt.se\" class=\"_link_1sfu0_11\" rel=\"nofollow noopener\" target=\"_blank\">SVT Datajournalistik<\/a><\/p>\n<p class=\"_mod_text_bcylm_29 _text-base_bcylm_1 _mod_default_1nrxu_1\">Publicerad: 14 december 2025<\/p>\n","protected":false},"excerpt":{"rendered":"Det \u00e4r X dagar kvar till valet. Kan du gissa vilka som kommer att styra landet efter n\u00e4sta&hellip;\n","protected":false},"author":2,"featured_media":105639,"comment_status":"","ping_status":"","sticky":false,"template":"","format":"standard","meta":{"footnotes":""},"categories":[12],"tags":[22,23,26,27,17,21,24,25,28,29,15,16,18,34,31,33,32,30,19,20],"class_list":{"0":"post-105638","1":"post","2":"type-post","3":"status-publish","4":"format-standard","5":"has-post-thumbnail","7":"category-sverige","8":"tag-breaking-news","9":"tag-breakingnews","10":"tag-featured-news","11":"tag-featurednews","12":"tag-headlines","13":"tag-huvudnyheter","14":"tag-latest-news","15":"tag-latestnews","16":"tag-main-news","17":"tag-mainnews","18":"tag-news","19":"tag-nyheter","20":"tag-rubriker","21":"tag-se","22":"tag-svenska","23":"tag-sverige","24":"tag-sweden","25":"tag-swedish","26":"tag-top-stories","27":"tag-topstories"},"share_on_mastodon":{"url":"https:\/\/pubeurope.com\/@se\/115718211728460959","error":""},"_links":{"self":[{"href":"https:\/\/www.europesays.com\/se\/wp-json\/wp\/v2\/posts\/105638","targetHints":{"allow":["GET"]}}],"collection":[{"href":"https:\/\/www.europesays.com\/se\/wp-json\/wp\/v2\/posts"}],"about":[{"href":"https:\/\/www.europesays.com\/se\/wp-json\/wp\/v2\/types\/post"}],"author":[{"embeddable":true,"href":"https:\/\/www.europesays.com\/se\/wp-json\/wp\/v2\/users\/2"}],"replies":[{"embeddable":true,"href":"https:\/\/www.europesays.com\/se\/wp-json\/wp\/v2\/comments?post=105638"}],"version-history":[{"count":0,"href":"https:\/\/www.europesays.com\/se\/wp-json\/wp\/v2\/posts\/105638\/revisions"}],"wp:featuredmedia":[{"embeddable":true,"href":"https:\/\/www.europesays.com\/se\/wp-json\/wp\/v2\/media\/105639"}],"wp:attachment":[{"href":"https:\/\/www.europesays.com\/se\/wp-json\/wp\/v2\/media?parent=105638"}],"wp:term":[{"taxonomy":"category","embeddable":true,"href":"https:\/\/www.europesays.com\/se\/wp-json\/wp\/v2\/categories?post=105638"},{"taxonomy":"post_tag","embeddable":true,"href":"https:\/\/www.europesays.com\/se\/wp-json\/wp\/v2\/tags?post=105638"}],"curies":[{"name":"wp","href":"https:\/\/api.w.org\/{rel}","templated":true}]}}