{"id":105644,"date":"2025-12-14T13:49:07","date_gmt":"2025-12-14T13:49:07","guid":{"rendered":"https:\/\/www.europesays.com\/se\/105644\/"},"modified":"2025-12-14T13:49:07","modified_gmt":"2025-12-14T13:49:07","slug":"kd-far-hogsta-stodet-pa-tre-ar-v-lagsta-sen-2016","status":"publish","type":"post","link":"https:\/\/www.europesays.com\/se\/105644\/","title":{"rendered":"KD f\u00e5r h\u00f6gsta st\u00f6det p\u00e5 tre \u00e5r \u2013 V l\u00e4gsta sen 2016"},"content":{"rendered":"<p>Kristdemokraterna f\u00e5r 5,0 procent, sitt h\u00f6gsta resultat sedan oktober 2022, i en ny m\u00e4tning fr\u00e5n SVT\/Verian. Samtidigt tappar Moderaterna drygt en procentenhet.<\/p>\n<p>\u2013 KD tar fr\u00e4mst v\u00e4ljare fr\u00e5n Moderaterna. En f\u00f6rklaring till att st\u00f6det \u00f6kar kan vara Ebba Buschs omdebatterade utspel om mer samarbete \u00f6ver blockgr\u00e4nsen. Hennes f\u00f6rtroende har ocks\u00e5 \u00f6kat i m\u00e4tningarna under h\u00f6sten, s\u00e4ger Per S\u00f6derpalm, opinionsansvarig p\u00e5 Verian till SVT.<\/p>\n<p>Skillnaden mellan blocken \u00e4r enligt m\u00e4tningen 7,2 procentenheter. <\/p>\n<p>V\u00e4nsterpartiet tappar till 6,8 procent, den s\u00e4msta noteringen sedan 2016. <\/p>\n<p>S\u00e5 gjordes unders\u00f6kningen<\/p>\n<p>Verians v\u00e4ljarbarometer baseras\u202fp\u00e5 cirka 3\u202f000 genomf\u00f6rda intervjuer med personer i\u202fSifo-panelen\u202f\u2013 en panel som rekryteras via slumpm\u00e4ssiga riksrepresentativa urval. Panelen best\u00e5r av cirka 85\u202f000 deltagare.\u202fUrvalet sker i \u00e5ldrarna 18-84 \u00e5r. Unders\u00f6kningen kompletteras med telefonintervjuer med personer i \u00e5ldrarna 85 \u00e5r och upp\u00e5t.<\/p>\n<p>Fr\u00e5gan som st\u00e4lls \u00e4r: \u201dVilket parti skulle du r\u00f6sta p\u00e5 om det vore val i dag?\u201d<\/p>\n<p>Svarsfrekvensen i v\u00e4ljarbarometern ligger kring 40 procent. De svarande kontrolleras s\u00e5 att de \u00e4r representativa f\u00f6r olika demografiska grupper som k\u00f6n, \u00e5lder, region, utbildning och partisympati i f\u00f6reg\u00e5ende val.<\/p>\n<p>Omni \u00e4r politiskt obundna och oberoende. Vi str\u00e4var efter att ge fler perspektiv p\u00e5 nyheterna. Har du fr\u00e5gor eller synpunkter kring v\u00e5r rapportering? <a href=\"https:\/\/omni.se\/kd-far-hogsta-stodet-pa-tre-ar-v-lagsta-sen-2016\/a\/mailto:redaktion@omni.se\" class=\"ArticleActions_contactLink__W2F1M\" rel=\"nofollow noopener\" target=\"_blank\">Kontakta redaktionen<\/a><\/p>\n","protected":false},"excerpt":{"rendered":"Kristdemokraterna f\u00e5r 5,0 procent, sitt h\u00f6gsta resultat sedan oktober 2022, i en ny m\u00e4tning fr\u00e5n SVT\/Verian. Samtidigt tappar&hellip;\n","protected":false},"author":2,"featured_media":105645,"comment_status":"","ping_status":"","sticky":false,"template":"","format":"standard","meta":{"footnotes":""},"categories":[12],"tags":[22,23,1106,26,27,17,21,1107,24,25,639,28,29,1234,551,15,2895,16,1982,369,18,34,1557,31,33,617,32,30,19,20,3416,1406],"class_list":{"0":"post-105644","1":"post","2":"type-post","3":"status-publish","4":"format-standard","5":"has-post-thumbnail","7":"category-sverige","8":"tag-breaking-news","9":"tag-breakingnews","10":"tag-ebba-busch","11":"tag-featured-news","12":"tag-featurednews","13":"tag-headlines","14":"tag-huvudnyheter","15":"tag-kristdemokraterna","16":"tag-latest-news","17":"tag-latestnews","18":"tag-liberalerna","19":"tag-main-news","20":"tag-mainnews","21":"tag-miljopartiet","22":"tag-moderaterna","23":"tag-news","24":"tag-nooshi-dadgostar","25":"tag-nyheter","26":"tag-opinionsundersokningar","27":"tag-politik","28":"tag-rubriker","29":"tag-se","30":"tag-socialdemokraterna","31":"tag-svenska","32":"tag-sverige","33":"tag-sverigedemokraterna","34":"tag-sweden","35":"tag-swedish","36":"tag-top-stories","37":"tag-topstories","38":"tag-valet-2026","39":"tag-vansterpartiet"},"share_on_mastodon":{"url":"https:\/\/pubeurope.com\/@se\/115718243363330126","error":""},"_links":{"self":[{"href":"https:\/\/www.europesays.com\/se\/wp-json\/wp\/v2\/posts\/105644","targetHints":{"allow":["GET"]}}],"collection":[{"href":"https:\/\/www.europesays.com\/se\/wp-json\/wp\/v2\/posts"}],"about":[{"href":"https:\/\/www.europesays.com\/se\/wp-json\/wp\/v2\/types\/post"}],"author":[{"embeddable":true,"href":"https:\/\/www.europesays.com\/se\/wp-json\/wp\/v2\/users\/2"}],"replies":[{"embeddable":true,"href":"https:\/\/www.europesays.com\/se\/wp-json\/wp\/v2\/comments?post=105644"}],"version-history":[{"count":0,"href":"https:\/\/www.europesays.com\/se\/wp-json\/wp\/v2\/posts\/105644\/revisions"}],"wp:featuredmedia":[{"embeddable":true,"href":"https:\/\/www.europesays.com\/se\/wp-json\/wp\/v2\/media\/105645"}],"wp:attachment":[{"href":"https:\/\/www.europesays.com\/se\/wp-json\/wp\/v2\/media?parent=105644"}],"wp:term":[{"taxonomy":"category","embeddable":true,"href":"https:\/\/www.europesays.com\/se\/wp-json\/wp\/v2\/categories?post=105644"},{"taxonomy":"post_tag","embeddable":true,"href":"https:\/\/www.europesays.com\/se\/wp-json\/wp\/v2\/tags?post=105644"}],"curies":[{"name":"wp","href":"https:\/\/api.w.org\/{rel}","templated":true}]}}