{"id":105646,"date":"2025-12-14T13:50:11","date_gmt":"2025-12-14T13:50:11","guid":{"rendered":"https:\/\/www.europesays.com\/se\/105646\/"},"modified":"2025-12-14T13:50:11","modified_gmt":"2025-12-14T13:50:11","slug":"expressen-direkt-senaste-nytt-i-korthet-1004","status":"publish","type":"post","link":"https:\/\/www.europesays.com\/se\/105646\/","title":{"rendered":"Expressen Direkt \u2013 senaste nytt i korthet"},"content":{"rendered":"<p>Flera skjutna p\u00e5 Brown University<\/p>\n<p>Tv\u00e5 personer dog och nio skadades vid en skjutning i ett klassrum p\u00e5 prestigeskolan Brown University i USA.<\/p>\n<p>Det \u00e4r tv\u00e5 elever som d\u00f6dats, skriver Reuters.<\/p>\n<p>\u201dG\u00e4rningsmannen \u00e4r inte gripen\u201d, skriver president Donald Trump p\u00e5 sociala medier.<\/p>\n<p>Skjutningen \u00e4gde rum inne i ett klassrum. Polisen uppmanar allm\u00e4nheten att undvika platsen.<\/p>\n<p>Det finns fler \u00e4n 400 poliser p\u00e5 plats som letar efter den bev\u00e4pnade mannen.<\/p>\n<p>L\u00e4s mer:\u00a0<\/p>\n<p><a href=\"https:\/\/www.expressen.se\/nyheter\/varlden\/flera-skjutna-pa-brown-university\/\" target=\"_top\" rel=\"nofollow noopener\">Flera skjutna p\u00e5 Brown University<\/a><\/p>\n<p>Ryska draget: Vill g\u00f6ra som i andra v\u00e4rldskriget<\/p>\n<p>Sl\u00e4ck all belysning i ryska st\u00e4der p\u00e5 n\u00e4tterna som under andra v\u00e4rldskriget.<\/p>\n<p>Det f\u00f6resl\u00e5r en rysk f\u00f6re detta bef\u00e4lhavare, skriver\u00a0The Moscow Times.<\/p>\n<p>Anledningen \u00e4r att man p\u00e5 detta s\u00e4tt skulle f\u00f6rsv\u00e5ra f\u00f6r ukrainska dr\u00f6narattacker.<\/p>\n<p>Ukrainska dr\u00f6narattacker mot ryska regioner intensifierades i v\u00e5ras. Sedan dess har regionala myndigheter rutinm\u00e4ssigt st\u00e4ngt av internet f\u00f6r att st\u00f6ra dr\u00f6narnavigeringen.<\/p>\n<p>Det har lett till att ett 50-tal regioner i\u00a0Ryssland\u00a0har upprepade problem med internet\u00e5tkomst.<\/p>\n<p>L\u00e4s mer:\u00a0<\/p>\n<p><a href=\"https:\/\/www.expressen.se\/nyheter\/varlden\/ryska-draget-vill-gora-som-i-andra-varldskriget\/\" target=\"_top\" rel=\"nofollow noopener\">Ryska draget: Vill g\u00f6ra som i andra v\u00e4rldskriget<\/a><\/p>\n<p>Lista: S\u00e5 porrsurfade svenskarna detta \u00e5r<\/p>\n<p>Pornhub har sl\u00e4ppt sin \u00e5rliga lista \u00f6ver hur vi porrsurfar.<\/p>\n<p>Svenskarnas mest popul\u00e4ra porrkategori under 2025 var \u201dtranspersoner\u201d.<\/p>\n<p>I tre l\u00e4nder ska det nu vara fler kvinnor \u00e4n m\u00e4n som bes\u00f6ker porrsajten.<\/p>\n<p>Sverige hamnade utanf\u00f6r topplistan p\u00e5 de 20 l\u00e4nder som haft flest bes\u00f6kare p\u00e5 sajten i \u00e5r. Men man tillhandah\u00f6ll en v\u00e4rldskarta \u00f6ver vilken kategori som under 2025 varit mest popul\u00e4r i respektive land, och f\u00f6r Sverige var den \u201dtranspersoner\u201d.\u00a0<\/p>\n<p>L\u00e4s mer:\u00a0<\/p>\n<p><a href=\"https:\/\/www.expressen.se\/nyheter\/varlden\/lista-sa-porrsurfade-svenskarna-detta-ar\/\" target=\"_top\" rel=\"nofollow noopener\">Lista: S\u00e5 porrsurfade svenskarna detta \u00e5r<\/a><\/p>\n","protected":false},"excerpt":{"rendered":"Flera skjutna p\u00e5 Brown University Tv\u00e5 personer dog och nio skadades vid en skjutning i ett klassrum p\u00e5&hellip;\n","protected":false},"author":2,"featured_media":39,"comment_status":"","ping_status":"","sticky":false,"template":"","format":"standard","meta":{"footnotes":""},"categories":[5],"tags":[22,23,26,27,35,17,21,24,25,28,29,15,16,18,34,31,33,32,30,19,20],"class_list":{"0":"post-105646","1":"post","2":"type-post","3":"status-publish","4":"format-standard","5":"has-post-thumbnail","7":"category-rubriker","8":"tag-breaking-news","9":"tag-breakingnews","10":"tag-featured-news","11":"tag-featurednews","12":"tag-function-ta-bort-ai-rost","13":"tag-headlines","14":"tag-huvudnyheter","15":"tag-latest-news","16":"tag-latestnews","17":"tag-main-news","18":"tag-mainnews","19":"tag-news","20":"tag-nyheter","21":"tag-rubriker","22":"tag-se","23":"tag-svenska","24":"tag-sverige","25":"tag-sweden","26":"tag-swedish","27":"tag-top-stories","28":"tag-topstories"},"share_on_mastodon":{"url":"https:\/\/pubeurope.com\/@se\/115718247112676235","error":""},"_links":{"self":[{"href":"https:\/\/www.europesays.com\/se\/wp-json\/wp\/v2\/posts\/105646","targetHints":{"allow":["GET"]}}],"collection":[{"href":"https:\/\/www.europesays.com\/se\/wp-json\/wp\/v2\/posts"}],"about":[{"href":"https:\/\/www.europesays.com\/se\/wp-json\/wp\/v2\/types\/post"}],"author":[{"embeddable":true,"href":"https:\/\/www.europesays.com\/se\/wp-json\/wp\/v2\/users\/2"}],"replies":[{"embeddable":true,"href":"https:\/\/www.europesays.com\/se\/wp-json\/wp\/v2\/comments?post=105646"}],"version-history":[{"count":0,"href":"https:\/\/www.europesays.com\/se\/wp-json\/wp\/v2\/posts\/105646\/revisions"}],"wp:featuredmedia":[{"embeddable":true,"href":"https:\/\/www.europesays.com\/se\/wp-json\/wp\/v2\/media\/39"}],"wp:attachment":[{"href":"https:\/\/www.europesays.com\/se\/wp-json\/wp\/v2\/media?parent=105646"}],"wp:term":[{"taxonomy":"category","embeddable":true,"href":"https:\/\/www.europesays.com\/se\/wp-json\/wp\/v2\/categories?post=105646"},{"taxonomy":"post_tag","embeddable":true,"href":"https:\/\/www.europesays.com\/se\/wp-json\/wp\/v2\/tags?post=105646"}],"curies":[{"name":"wp","href":"https:\/\/api.w.org\/{rel}","templated":true}]}}