{"id":105670,"date":"2025-12-14T14:28:15","date_gmt":"2025-12-14T14:28:15","guid":{"rendered":"https:\/\/www.europesays.com\/se\/105670\/"},"modified":"2025-12-14T14:28:15","modified_gmt":"2025-12-14T14:28:15","slug":"sparprofilens-konto-kapas-i-sociala-medier-nya-varje-dag","status":"publish","type":"post","link":"https:\/\/www.europesays.com\/se\/105670\/","title":{"rendered":"Sparprofilens konto kapas i sociala medier: \u201dNya varje dag\u201d"},"content":{"rendered":"<p>Problemet kommer och g\u00e5r i v\u00e5gor, men just nu \u00e4r det som v\u00e4rst. Det s\u00e4ger Avanzas sparekonom Felicia Sch\u00f6n till GP. <\/p>\n<p>\u2013 I princip varje dag f\u00e5r jag meddelanden fr\u00e5n f\u00f6ljare som uppt\u00e4ckt nya fejkkonton. Ibland \u00e4r det flera konton varje dag, s\u00e4ger hon.<\/p>\n<p>Det handlar om bedragare som med fejkade konton i hennes namn lockar drabbade in i klassiska \u201dpump and dump\u201d-f\u00f6rfaranden. St\u00f6rst \u00e4r problemet p\u00e5 Facebook och Instagram, men det f\u00f6rekommer \u00e4ven p\u00e5 Tiktok och X, enligt Sch\u00f6n. <\/p>\n<p>Omni \u00e4r politiskt obundna och oberoende. Vi str\u00e4var efter att ge fler perspektiv p\u00e5 nyheterna. Har du fr\u00e5gor eller synpunkter kring v\u00e5r rapportering? <a href=\"https:\/\/omni.se\/sparprofilens-konto-kapas-i-sociala-medier-nya-varje-dag\/a\/mailto:redaktion@omni.se\" class=\"ArticleActions_contactLink__W2F1M\" rel=\"nofollow noopener\" target=\"_blank\">Kontakta redaktionen<\/a><\/p>\n","protected":false},"excerpt":{"rendered":"Problemet kommer och g\u00e5r i v\u00e5gor, men just nu \u00e4r det som v\u00e4rst. Det s\u00e4ger Avanzas sparekonom Felicia&hellip;\n","protected":false},"author":2,"featured_media":105671,"comment_status":"","ping_status":"","sticky":false,"template":"","format":"standard","meta":{"footnotes":""},"categories":[65],"tags":[337,72,70,71,11843,34,636,31,33,32,30,3614],"class_list":{"0":"post-105670","1":"post","2":"type-post","3":"status-publish","4":"format-standard","5":"has-post-thumbnail","7":"category-ekonomi","8":"tag-avanza","9":"tag-business","10":"tag-economy","11":"tag-ekonomi","12":"tag-felicia-schon","13":"tag-se","14":"tag-sociala-medier","15":"tag-svenska","16":"tag-sverige","17":"tag-sweden","18":"tag-swedish","19":"tag-tiktok"},"share_on_mastodon":{"url":"https:\/\/pubeurope.com\/@se\/115718396531379047","error":""},"_links":{"self":[{"href":"https:\/\/www.europesays.com\/se\/wp-json\/wp\/v2\/posts\/105670","targetHints":{"allow":["GET"]}}],"collection":[{"href":"https:\/\/www.europesays.com\/se\/wp-json\/wp\/v2\/posts"}],"about":[{"href":"https:\/\/www.europesays.com\/se\/wp-json\/wp\/v2\/types\/post"}],"author":[{"embeddable":true,"href":"https:\/\/www.europesays.com\/se\/wp-json\/wp\/v2\/users\/2"}],"replies":[{"embeddable":true,"href":"https:\/\/www.europesays.com\/se\/wp-json\/wp\/v2\/comments?post=105670"}],"version-history":[{"count":0,"href":"https:\/\/www.europesays.com\/se\/wp-json\/wp\/v2\/posts\/105670\/revisions"}],"wp:featuredmedia":[{"embeddable":true,"href":"https:\/\/www.europesays.com\/se\/wp-json\/wp\/v2\/media\/105671"}],"wp:attachment":[{"href":"https:\/\/www.europesays.com\/se\/wp-json\/wp\/v2\/media?parent=105670"}],"wp:term":[{"taxonomy":"category","embeddable":true,"href":"https:\/\/www.europesays.com\/se\/wp-json\/wp\/v2\/categories?post=105670"},{"taxonomy":"post_tag","embeddable":true,"href":"https:\/\/www.europesays.com\/se\/wp-json\/wp\/v2\/tags?post=105670"}],"curies":[{"name":"wp","href":"https:\/\/api.w.org\/{rel}","templated":true}]}}