{"id":105672,"date":"2025-12-14T14:31:12","date_gmt":"2025-12-14T14:31:12","guid":{"rendered":"https:\/\/www.europesays.com\/se\/105672\/"},"modified":"2025-12-14T14:31:12","modified_gmt":"2025-12-14T14:31:12","slug":"skidskytte-anna-magnusson-pa-pallen-efter-rysare-i-jaktstarten","status":"publish","type":"post","link":"https:\/\/www.europesays.com\/se\/105672\/","title":{"rendered":"Skidskytte: Anna Magnusson p\u00e5 pallen efter rysare i jaktstarten"},"content":{"rendered":"<p>\u2013 Jag vet inte vad jag ska s\u00e4ga l\u00e4ngre. Det var v\u00e4ldigt kul och jag nj\u00f6t d\u00e4rute. Att jag ut\u00f6kade ledningen i cupen k\u00e4nns helt otroligt. Den h\u00e4r s\u00e4songen har redan \u00f6vertr\u00e4ffat mina f\u00f6rv\u00e4ntningar, s\u00e4ger Magnusson till SVT Sport. <\/p>\n<p>Till det sista skyttet kom Anna Magnusson, som \u00e5kte i den gula ledarv\u00e4sten f\u00f6r totalcupen, in samtidigt med Lisa Vittozzi och Lou Jeanmonnot. <\/p>\n<p>De gjorde upp om segern.<\/p>\n<p>Magnusson sk\u00f6t fullt men tappade ett par sekunder p\u00e5 Vittozzi efter att ha snubblat ut fr\u00e5n skjutvallen medan Jeanmonnot sk\u00f6t bort sig med tv\u00e5 bom.<\/p>\n<p>\u201dVar ganska tr\u00f6tt\u201d<\/p>\n<p>Magnusson jagade efter Vittozzi i en rasande kamp p\u00e5 spurtvarvet men fick ge sig f\u00f6re upploppet men gjorde en segergest \u00f6ver m\u00e5llinjen, hade bara 26:e b\u00e4sta \u00e5ktid med bara en bom p\u00e5 fyra skytten. <\/p>\n<p>\u2013 Jag f\u00f6rs\u00f6kte g\u00e5 f\u00f6r det i b\u00f6rjan p\u00e5 sista varvet men jag k\u00e4nde att jag var ganska tr\u00f6tt, s\u00e4ger Magnusson. <\/p>\n<p>Elvira \u00d6berg kl\u00e4ttrade fr\u00e5n 29:e plats till femte och var med och h\u00f6gg om pallen.<\/p>\n<p>\u2013 Det h\u00e4r var skidskytte n\u00e4r det \u00e4r som b\u00e4st. Det var hj\u00e4rnornas kamp d\u00e4r ute, s\u00e4ger experten Bj\u00f6rn Ferry.<\/p>\n","protected":false},"excerpt":{"rendered":"\u2013 Jag vet inte vad jag ska s\u00e4ga l\u00e4ngre. Det var v\u00e4ldigt kul och jag nj\u00f6t d\u00e4rute. Att&hellip;\n","protected":false},"author":2,"featured_media":105673,"comment_status":"","ping_status":"","sticky":false,"template":"","format":"standard","meta":{"footnotes":""},"categories":[5],"tags":[22,23,26,27,17,21,24,25,28,29,15,16,18,34,31,33,32,30,19,20],"class_list":{"0":"post-105672","1":"post","2":"type-post","3":"status-publish","4":"format-standard","5":"has-post-thumbnail","7":"category-rubriker","8":"tag-breaking-news","9":"tag-breakingnews","10":"tag-featured-news","11":"tag-featurednews","12":"tag-headlines","13":"tag-huvudnyheter","14":"tag-latest-news","15":"tag-latestnews","16":"tag-main-news","17":"tag-mainnews","18":"tag-news","19":"tag-nyheter","20":"tag-rubriker","21":"tag-se","22":"tag-svenska","23":"tag-sverige","24":"tag-sweden","25":"tag-swedish","26":"tag-top-stories","27":"tag-topstories"},"share_on_mastodon":{"url":"https:\/\/pubeurope.com\/@se\/115718408288645250","error":""},"_links":{"self":[{"href":"https:\/\/www.europesays.com\/se\/wp-json\/wp\/v2\/posts\/105672","targetHints":{"allow":["GET"]}}],"collection":[{"href":"https:\/\/www.europesays.com\/se\/wp-json\/wp\/v2\/posts"}],"about":[{"href":"https:\/\/www.europesays.com\/se\/wp-json\/wp\/v2\/types\/post"}],"author":[{"embeddable":true,"href":"https:\/\/www.europesays.com\/se\/wp-json\/wp\/v2\/users\/2"}],"replies":[{"embeddable":true,"href":"https:\/\/www.europesays.com\/se\/wp-json\/wp\/v2\/comments?post=105672"}],"version-history":[{"count":0,"href":"https:\/\/www.europesays.com\/se\/wp-json\/wp\/v2\/posts\/105672\/revisions"}],"wp:featuredmedia":[{"embeddable":true,"href":"https:\/\/www.europesays.com\/se\/wp-json\/wp\/v2\/media\/105673"}],"wp:attachment":[{"href":"https:\/\/www.europesays.com\/se\/wp-json\/wp\/v2\/media?parent=105672"}],"wp:term":[{"taxonomy":"category","embeddable":true,"href":"https:\/\/www.europesays.com\/se\/wp-json\/wp\/v2\/categories?post=105672"},{"taxonomy":"post_tag","embeddable":true,"href":"https:\/\/www.europesays.com\/se\/wp-json\/wp\/v2\/tags?post=105672"}],"curies":[{"name":"wp","href":"https:\/\/api.w.org\/{rel}","templated":true}]}}