{"id":105678,"date":"2025-12-14T14:42:09","date_gmt":"2025-12-14T14:42:09","guid":{"rendered":"https:\/\/www.europesays.com\/se\/105678\/"},"modified":"2025-12-14T14:42:09","modified_gmt":"2025-12-14T14:42:09","slug":"moa-ilar-slutade-tvaa-hojden-en-svar-faktor","status":"publish","type":"post","link":"https:\/\/www.europesays.com\/se\/105678\/","title":{"rendered":"Moa Ilar slutade tv\u00e5a: \u201dH\u00f6jden en sv\u00e5r faktor\u201d"},"content":{"rendered":"<p>Moa Ilar blev tv\u00e5a p\u00e5 10 kilometer fritt i v\u00e4rldscupen i Davos. Det tangerar hennes tidigare b\u00e4sta placering.<\/p>\n<p>\u2013 J\u00e4ttesk\u00f6nt, det trodde jag inte p\u00e5 f\u00f6rhand. Jag tycker h\u00f6jden \u00e4r en sv\u00e5r faktor, s\u00e4ger Ilar enligt TT.<\/p>\n<p>Norskan Karoline Simpson-Larsen vann loppet och tog sin f\u00f6rsta v\u00e4rldscupseger, 2,1 sekunder f\u00f6re svenskan. <\/p>\n<p>Maja Dahlqvist slutade fyra, sex sekunder bakom vinnaren. Hon var den enda svenska \u00e5karen som deltog i samtliga lopp under helgen.<\/p>\n<p>Omni \u00e4r politiskt obundna och oberoende. Vi str\u00e4var efter att ge fler perspektiv p\u00e5 nyheterna. Har du fr\u00e5gor eller synpunkter kring v\u00e5r rapportering? <a href=\"https:\/\/omni.se\/moa-ilar-slutade-tvaa-hojden-en-svar-faktor\/a\/mailto:redaktion@omni.se\" class=\"ArticleActions_contactLink__W2F1M\" rel=\"nofollow noopener\" target=\"_blank\">Kontakta redaktionen<\/a><\/p>\n","protected":false},"excerpt":{"rendered":"Moa Ilar blev tv\u00e5a p\u00e5 10 kilometer fritt i v\u00e4rldscupen i Davos. Det tangerar hennes tidigare b\u00e4sta placering.&hellip;\n","protected":false},"author":2,"featured_media":105679,"comment_status":"","ping_status":"","sticky":false,"template":"","format":"standard","meta":{"footnotes":""},"categories":[68],"tags":[3237,9352,9450,34,111,110,31,33,32,30],"class_list":{"0":"post-105678","1":"post","2":"type-post","3":"status-publish","4":"format-standard","5":"has-post-thumbnail","7":"category-sport","8":"tag-langdskidor","9":"tag-maja-dahlqvist","10":"tag-moa-ilar","11":"tag-se","12":"tag-sport","13":"tag-sports","14":"tag-svenska","15":"tag-sverige","16":"tag-sweden","17":"tag-swedish"},"share_on_mastodon":{"url":"https:\/\/pubeurope.com\/@se\/115718451681178738","error":""},"_links":{"self":[{"href":"https:\/\/www.europesays.com\/se\/wp-json\/wp\/v2\/posts\/105678","targetHints":{"allow":["GET"]}}],"collection":[{"href":"https:\/\/www.europesays.com\/se\/wp-json\/wp\/v2\/posts"}],"about":[{"href":"https:\/\/www.europesays.com\/se\/wp-json\/wp\/v2\/types\/post"}],"author":[{"embeddable":true,"href":"https:\/\/www.europesays.com\/se\/wp-json\/wp\/v2\/users\/2"}],"replies":[{"embeddable":true,"href":"https:\/\/www.europesays.com\/se\/wp-json\/wp\/v2\/comments?post=105678"}],"version-history":[{"count":0,"href":"https:\/\/www.europesays.com\/se\/wp-json\/wp\/v2\/posts\/105678\/revisions"}],"wp:featuredmedia":[{"embeddable":true,"href":"https:\/\/www.europesays.com\/se\/wp-json\/wp\/v2\/media\/105679"}],"wp:attachment":[{"href":"https:\/\/www.europesays.com\/se\/wp-json\/wp\/v2\/media?parent=105678"}],"wp:term":[{"taxonomy":"category","embeddable":true,"href":"https:\/\/www.europesays.com\/se\/wp-json\/wp\/v2\/categories?post=105678"},{"taxonomy":"post_tag","embeddable":true,"href":"https:\/\/www.europesays.com\/se\/wp-json\/wp\/v2\/tags?post=105678"}],"curies":[{"name":"wp","href":"https:\/\/api.w.org\/{rel}","templated":true}]}}