{"id":105682,"date":"2025-12-14T14:47:18","date_gmt":"2025-12-14T14:47:18","guid":{"rendered":"https:\/\/www.europesays.com\/se\/105682\/"},"modified":"2025-12-14T14:47:18","modified_gmt":"2025-12-14T14:47:18","slug":"varningar-for-ishalka-under-sondagen-ostersunds-posten","status":"publish","type":"post","link":"https:\/\/www.europesays.com\/se\/105682\/","title":{"rendered":"Varningar f\u00f6r ishalka under s\u00f6ndagen &#8211; \u00d6stersunds-Posten"},"content":{"rendered":"<ol>\n<li><a href=\"https:\/\/news.google.com\/rss\/articles\/CBMihAFBVV95cUxQbEJmczVWTEJRdjhtM1BwSG16N3BMaFg4R3hsa0MxRjg5TjMxcUtGSHUzdXZ0VlJ0OXpnWE9xQjNsQ0VzLTdFSmUwRnU2YzBHdjhtUzl4SlhzMmJBaENPVm1RSzVWUngtUjJXQzVvUjJEaUhVeC1UR0l6V0IwWld1ZXNzRWk?oc=5\" target=\"_blank\" rel=\"nofollow noopener\">Varningar f\u00f6r ishalka under s\u00f6ndagen<\/a>&nbsp;&nbsp;\u00d6stersunds-Posten<\/li>\n<li><a href=\"https:\/\/news.google.com\/rss\/articles\/CBMiogFBVV95cUxQQXhQZVAyZngwcTdnS0hmaG40X2llVG5Rc3NFWFltckxWVHZUNjBqRTFSYVdSZGJDY3pkZHdMX21VQnFpVkFRTm1BWlM0emRtYlFHaFhzVTdQR0tfR3d1ZHByckcyMjdSaU8wQTE4STgyZ1V6ZkJwZ2FUdjZLSEFuRVlkVW5IUElzeFZkQ0tmWUpZWExDenZnenhYVjFudWZLemc?oc=5\" target=\"_blank\" rel=\"nofollow noopener\">SMHI varnar f\u00f6r pl\u00f6tslig ishalka i delar av Norrland<\/a>&nbsp;&nbsp;SVT Nyheter<\/li>\n<li><a href=\"https:\/\/news.google.com\/rss\/articles\/CBMigAFBVV95cUxPTzNvS2VGNzFNS0RqZ09lN1dxSFlxNGJydUF1NDNQdDNVaXZaelY4LWg4eGx0b1hfalN0R1F0ckpiaE5ERmZ5bVZHcWs1TnQxNWxFS2Z5LUVxTUFVSFRMeEUwYVYxb0pTVlF0MUlUOXpDSkZsVTEtd0dWN1JOaEVuQg?oc=5\" target=\"_blank\" rel=\"nofollow noopener\">Ny varning: Ishalka vid kusten<\/a>&nbsp;&nbsp;V\u00e4sterbottens-Kuriren<\/li>\n<li><a href=\"https:\/\/news.google.com\/rss\/articles\/CBMiigFBVV95cUxNS0RmWEt4MHRNSWlMZkRVc1kyMGNoR3dWVVpnTk03UTR2ZHJFVTFlNG9seUZtZjZJTWJjdEk4a3NoeW9TWnpFT05LQS1VZGZJQlhhWHMzbEFhUVhHVXpfMHdTVEVmNzFyLXo1U3hOQ0xKbG9DRnlISzd1Mi01eE5MdjVyeVRtZ00wNUE?oc=5\" target=\"_blank\" rel=\"nofollow noopener\">SMHI:s dubbelvarning \u2013 ishalka och sn\u00f6fall<\/a>&nbsp;&nbsp;Expressen<\/li>\n<li><a href=\"https:\/\/news.google.com\/rss\/articles\/CBMiowFBVV95cUxNYXphVzBFMXlkVktYOTE2aFYyWjZ1Rmt0dHN2QkZWczVaRWg5eXdGZUozQWIwbm03WFU2aUtaRUwyb3VFSUJDcEZSbTVDT1M4Zl93bEdkak00RXJPU2pNcTd3YmxCcHFzUUtRbF9MaTlxN0l6Q294U3NkcjlLZTdMUDhfMWNHQzFMTW5IRU9WV29WM1BmQ3FOU3c4OUEyZkl1OHZB?oc=5\" target=\"_blank\" rel=\"nofollow noopener\">Varning f\u00f6r pl\u00f6tslig ishalka \u2013 underkylt regn \u00f6ver Norrbotten<\/a>&nbsp;&nbsp;NSD<\/li>\n<\/ol>\n","protected":false},"excerpt":{"rendered":"Varningar f\u00f6r ishalka under s\u00f6ndagen&nbsp;&nbsp;\u00d6stersunds-Posten SMHI varnar f\u00f6r pl\u00f6tslig ishalka i delar av Norrland&nbsp;&nbsp;SVT Nyheter Ny varning: Ishalka&hellip;\n","protected":false},"author":2,"featured_media":105683,"comment_status":"","ping_status":"","sticky":false,"template":"","format":"standard","meta":{"footnotes":""},"categories":[12],"tags":[22,23,26,27,17,21,24,25,28,29,15,16,18,34,31,33,32,30,19,20],"class_list":{"0":"post-105682","1":"post","2":"type-post","3":"status-publish","4":"format-standard","5":"has-post-thumbnail","7":"category-sverige","8":"tag-breaking-news","9":"tag-breakingnews","10":"tag-featured-news","11":"tag-featurednews","12":"tag-headlines","13":"tag-huvudnyheter","14":"tag-latest-news","15":"tag-latestnews","16":"tag-main-news","17":"tag-mainnews","18":"tag-news","19":"tag-nyheter","20":"tag-rubriker","21":"tag-se","22":"tag-svenska","23":"tag-sverige","24":"tag-sweden","25":"tag-swedish","26":"tag-top-stories","27":"tag-topstories"},"share_on_mastodon":{"url":"https:\/\/pubeurope.com\/@se\/115718471283235991","error":""},"_links":{"self":[{"href":"https:\/\/www.europesays.com\/se\/wp-json\/wp\/v2\/posts\/105682","targetHints":{"allow":["GET"]}}],"collection":[{"href":"https:\/\/www.europesays.com\/se\/wp-json\/wp\/v2\/posts"}],"about":[{"href":"https:\/\/www.europesays.com\/se\/wp-json\/wp\/v2\/types\/post"}],"author":[{"embeddable":true,"href":"https:\/\/www.europesays.com\/se\/wp-json\/wp\/v2\/users\/2"}],"replies":[{"embeddable":true,"href":"https:\/\/www.europesays.com\/se\/wp-json\/wp\/v2\/comments?post=105682"}],"version-history":[{"count":0,"href":"https:\/\/www.europesays.com\/se\/wp-json\/wp\/v2\/posts\/105682\/revisions"}],"wp:featuredmedia":[{"embeddable":true,"href":"https:\/\/www.europesays.com\/se\/wp-json\/wp\/v2\/media\/105683"}],"wp:attachment":[{"href":"https:\/\/www.europesays.com\/se\/wp-json\/wp\/v2\/media?parent=105682"}],"wp:term":[{"taxonomy":"category","embeddable":true,"href":"https:\/\/www.europesays.com\/se\/wp-json\/wp\/v2\/categories?post=105682"},{"taxonomy":"post_tag","embeddable":true,"href":"https:\/\/www.europesays.com\/se\/wp-json\/wp\/v2\/tags?post=105682"}],"curies":[{"name":"wp","href":"https:\/\/api.w.org\/{rel}","templated":true}]}}