{"id":105689,"date":"2025-12-14T14:55:35","date_gmt":"2025-12-14T14:55:35","guid":{"rendered":"https:\/\/www.europesays.com\/se\/105689\/"},"modified":"2025-12-14T14:55:35","modified_gmt":"2025-12-14T14:55:35","slug":"epa-lucia-populart-firande-for-andra-gangen-traffpunkt-for-hela-samhallet-nwt","status":"publish","type":"post","link":"https:\/\/www.europesays.com\/se\/105689\/","title":{"rendered":"EPA-LUCIA: Popul\u00e4rt firande f\u00f6r andra g\u00e5ngen: \u201dTr\u00e4ffpunkt f\u00f6r hela samh\u00e4llet\u201d &#8211; NWT"},"content":{"rendered":"<ol>\n<li><a href=\"https:\/\/news.google.com\/rss\/articles\/CBMiogFBVV95cUxQZHMwSFloOU0wR2RiYWFRYmduaHlRaFhFZHlFanhrd2Q2V19WU1hQVVpxWkZPb0YzM0NIR1NfNDlkck54TGM0cUdPSkxKWGYyaEtpakJFbEs1OWpYNTBkVmpVSHFOSzlSbGhQN3hLSDA1NFk3QTJHNWpyOHdETUVERjB0ME8yUFVPY0NJS3pkTmFUWldCRmQ0UW1WdTBwVDQ2ZkE?oc=5\" target=\"_blank\" rel=\"nofollow noopener\">EPA-LUCIA: Popul\u00e4rt firande f\u00f6r andra g\u00e5ngen: \u201dTr\u00e4ffpunkt f\u00f6r hela samh\u00e4llet\u201d<\/a>&nbsp;&nbsp;NWT<\/li>\n<li><a href=\"https:\/\/news.google.com\/rss\/articles\/CBMixwFBVV95cUxOcVRaRUhDYWFwLUFoWFgxc0FkaDFfdFA1RlNzV0hiVVpMQ1Jjbmd0d0Njd004eG13cFIxdGVPaHpJeWZCU1FlSC1FclMtenJQY1YtZUpFTkZJY29FTmVDcDBPU1V6SlY0YjNUdnVycjc5Z2FmRkhzdVhIb0VqUjdEOWIyRi1TSldqUFZGcUNLak9ZWU5tUkNNcXZ5ZFNmY29hTE5RdDZHNF9kVFVrVDJRUFBISUdzbXdBZXhIbzF0ZFlwLWhSTjFj?oc=5\" target=\"_blank\" rel=\"nofollow noopener\">Rullande luciat\u00e5g spred gl\u00e4dje i Grebbestad<\/a>&nbsp;&nbsp;Str\u00f6mstads Tidning<\/li>\n<li><a href=\"https:\/\/news.google.com\/rss\/articles\/CBMimwFBVV95cUxQb1N5eWRkMDVFeU05cVVheFRrZjF1OU1vUlFKTDZjTUZfQXY0WWFOM00zeWlpWGUycXRDXzl2OVdJUjVzM2phOWY1cW8xWjhKZ0NaTGd5cU9Ca0dkWVRZWFZhcUpIVEF5T0dsQVprc2VZUW9IWEM1b2I1aFl4amtLUExLS25pUjZMeEN2T2ZwWkllU2ZkTUVSVlA3NA?oc=5\" target=\"_blank\" rel=\"nofollow noopener\">EPA-bilar gjorde debut i G\u00e4llivares tunga Luciat\u00e5g<\/a>&nbsp;&nbsp;NSD<\/li>\n<li><a href=\"https:\/\/news.google.com\/rss\/articles\/CBMidEFVX3lxTE81cHB0VjJrMHJxYWhXcnlWbi1JeUNuR3p2WUx2QjhtN2RtTFZOb2owbFJXX2h4M2tSazIwTFdPb0ZZZnljU21OajFJMjhuSXVLZXAtM1hzNWZLNzlZd0ZCVHkyV1pVUFF1RS1jZjJwSS1KYXc4?oc=5\" target=\"_blank\" rel=\"nofollow noopener\">Bildspel: Ett f\u00e4rggrant luciat\u00e5g<\/a>&nbsp;&nbsp;Hem &#8211; V\u00e4rnamo<\/li>\n<li><a href=\"https:\/\/news.google.com\/rss\/articles\/CBMinwFBVV95cUxOS3lqeGJSV1RSUzEybFQwT2hmaGdBampDLVhoLU5YdjVYUnBSX255V1dVNDJUT2xpY1gza20yZTJUeFpRb3BBaC1uTVlZNXZiS053VjE3ZW9vNlU1ODVrd2tKU0w0WTVDcFBzaFNiOUNNa01veENuZ2ViUHdVRGw4VlJiNU1sY3BPc0wwNVVOY2hnU2ZpamFLZ1NVVVBXX2c?oc=5\" target=\"_blank\" rel=\"nofollow noopener\">BILDEXTRA: Se epa-paraden \u2013 h\u00e4r rullar luciat\u00e5get fram<\/a>&nbsp;&nbsp;J\u00f6nk\u00f6pings-Posten<\/li>\n<\/ol>\n","protected":false},"excerpt":{"rendered":"EPA-LUCIA: Popul\u00e4rt firande f\u00f6r andra g\u00e5ngen: \u201dTr\u00e4ffpunkt f\u00f6r hela samh\u00e4llet\u201d&nbsp;&nbsp;NWT Rullande luciat\u00e5g spred gl\u00e4dje i Grebbestad&nbsp;&nbsp;Str\u00f6mstads Tidning EPA-bilar&hellip;\n","protected":false},"author":2,"featured_media":105690,"comment_status":"","ping_status":"","sticky":false,"template":"","format":"standard","meta":{"footnotes":""},"categories":[12],"tags":[22,23,26,27,17,21,24,25,28,29,15,16,18,34,31,33,32,30,19,20],"class_list":{"0":"post-105689","1":"post","2":"type-post","3":"status-publish","4":"format-standard","5":"has-post-thumbnail","7":"category-sverige","8":"tag-breaking-news","9":"tag-breakingnews","10":"tag-featured-news","11":"tag-featurednews","12":"tag-headlines","13":"tag-huvudnyheter","14":"tag-latest-news","15":"tag-latestnews","16":"tag-main-news","17":"tag-mainnews","18":"tag-news","19":"tag-nyheter","20":"tag-rubriker","21":"tag-se","22":"tag-svenska","23":"tag-sverige","24":"tag-sweden","25":"tag-swedish","26":"tag-top-stories","27":"tag-topstories"},"share_on_mastodon":{"url":"https:\/\/pubeurope.com\/@se\/115718502753824098","error":""},"_links":{"self":[{"href":"https:\/\/www.europesays.com\/se\/wp-json\/wp\/v2\/posts\/105689","targetHints":{"allow":["GET"]}}],"collection":[{"href":"https:\/\/www.europesays.com\/se\/wp-json\/wp\/v2\/posts"}],"about":[{"href":"https:\/\/www.europesays.com\/se\/wp-json\/wp\/v2\/types\/post"}],"author":[{"embeddable":true,"href":"https:\/\/www.europesays.com\/se\/wp-json\/wp\/v2\/users\/2"}],"replies":[{"embeddable":true,"href":"https:\/\/www.europesays.com\/se\/wp-json\/wp\/v2\/comments?post=105689"}],"version-history":[{"count":0,"href":"https:\/\/www.europesays.com\/se\/wp-json\/wp\/v2\/posts\/105689\/revisions"}],"wp:featuredmedia":[{"embeddable":true,"href":"https:\/\/www.europesays.com\/se\/wp-json\/wp\/v2\/media\/105690"}],"wp:attachment":[{"href":"https:\/\/www.europesays.com\/se\/wp-json\/wp\/v2\/media?parent=105689"}],"wp:term":[{"taxonomy":"category","embeddable":true,"href":"https:\/\/www.europesays.com\/se\/wp-json\/wp\/v2\/categories?post=105689"},{"taxonomy":"post_tag","embeddable":true,"href":"https:\/\/www.europesays.com\/se\/wp-json\/wp\/v2\/tags?post=105689"}],"curies":[{"name":"wp","href":"https:\/\/api.w.org\/{rel}","templated":true}]}}