{"id":10569,"date":"2025-08-21T19:25:06","date_gmt":"2025-08-21T19:25:06","guid":{"rendered":"https:\/\/www.europesays.com\/se\/10569\/"},"modified":"2025-08-21T19:25:06","modified_gmt":"2025-08-21T19:25:06","slug":"ed-sheeran-dyker-upp-pa-1-cuz-spelning-pa-grona-lund","status":"publish","type":"post","link":"https:\/\/www.europesays.com\/se\/10569\/","title":{"rendered":"Ed Sheeran dyker upp p\u00e5 1.Cuz spelning p\u00e5 Gr\u00f6na Lund"},"content":{"rendered":"<p>Publicerad 21 aug 2025 kl 21.02Uppdaterad kl 21.21<\/p>\n<p>1.Cuz spelar p\u00e5 ett fullsatt Gr\u00f6na Lund.<\/p>\n<p>Pl\u00f6tsligt dyker v\u00e4rldsstj\u00e4rnan Ed Sheeran upp p\u00e5 scenen \u2013 till publikens jubel.<\/p>\n<p><img   alt=\"\"\/><\/p>\n<p>Ed Sheeran \u00f6verraskar publiken.<\/p>\n<p>Foto: PHILIP KANGAS\/SPA<\/p>\n<p>\u00d6ppna bild i helsk\u00e4rm<img loading=\"lazy\"   alt=\"\"\/>\u00d6ppna bild i helsk\u00e4rm<img loading=\"lazy\"   alt=\"\"\/> <\/p>\n<p>Foto: PHILIP KANGAS \/ SPA | SWEDISH PRESS AGENCY<\/p>\n<p>\u00d6ppna bild i helsk\u00e4rm<img loading=\"lazy\"   alt=\"\"\/><\/p>\n<p>1.Cuz.<\/p>\n<p>Foto: PHILIP KANGAS\/SPA<\/p>\n<p>\u00d6ppna bild i helsk\u00e4rm<img loading=\"lazy\"   alt=\"\"\/> <\/p>\n<p>Foto: Kristin Lundell<\/p>\n<p>\u00d6ppna bild i helsk\u00e4rm<\/p>\n<p>Mitt under 1.Cuz p\u00e5g\u00e5ende spelning p\u00e5 Gr\u00f6na Lund dyker pl\u00f6tsligt <a href=\"https:\/\/www.expressen.se\/tagg\/person\/ed-sheeran\/\" rel=\"nofollow noopener\" target=\"_blank\">Ed Sheeran<\/a> upp p\u00e5 scenen till publikens f\u00f6rtjusning och jubel under l\u00e5ten \u201d2step\u201d.<\/p>\n<p>Efter framf\u00f6randet kramas artisterna p\u00e5 scenen och 1.Cuz tackar Ed Sheeran f\u00f6r allt.<\/p>\n<p><img loading=\"lazy\"   alt=\"\"\/> <\/p>\n<p>Foto: PHILIP KANGAS \/ SPA | SWEDISH PRESS AGENCY<\/p>\n<p>\u00d6ppna bild i helsk\u00e4rm<img loading=\"lazy\"   alt=\"\"\/> <\/p>\n<p>Foto: PHILIP KANGAS<\/p>\n<p>\u00d6ppna bild i helsk\u00e4rm<\/p>\n<p>D\u00e4rmed \u00e4r det ombytta roller.<\/p>\n<p>Sist de s\u00e5gs p\u00e5 scenen var n\u00e4r 1.Cuz g\u00e4stade Ed Sheeran p\u00e5 Ullevi i augusti 2022. Rapparen fr\u00e5n H\u00e4sselby sj\u00f6ng d\u00e5 med i l\u00e5ten \u201d2Step\u201d inf\u00f6r 65 000 personer i publiken.\u00a0<\/p>\n<p>Ed Sheerans l\u00e5t, som 1 Cuz \u00e4r med p\u00e5 en remix av, sl\u00e4pptes samma v\u00e5r.<\/p>\n<p>V\u00e4rldsstj\u00e4rnan \u00e4r i Sverige f\u00f6r att g\u00f6ra sina tv\u00e5 spelningar 22 och 23 augusti p\u00e5 Strawberry arena i Stockholm.\u00a0<\/p>\n","protected":false},"excerpt":{"rendered":"Publicerad 21 aug 2025 kl 21.02Uppdaterad kl 21.21 1.Cuz spelar p\u00e5 ett fullsatt Gr\u00f6na Lund. Pl\u00f6tsligt dyker v\u00e4rldsstj\u00e4rnan&hellip;\n","protected":false},"author":2,"featured_media":10570,"comment_status":"","ping_status":"","sticky":false,"template":"","format":"standard","meta":{"footnotes":""},"categories":[67],"tags":[104,440,780,1493,34,31,33,32,30,143,105],"class_list":{"0":"post-10569","1":"post","2":"type-post","3":"status-publish","4":"format-standard","5":"has-post-thumbnail","7":"category-underhallning","8":"tag-entertainment","9":"tag-function-unga","10":"tag-location-grona-lund","11":"tag-person-ed-sheeran","12":"tag-se","13":"tag-svenska","14":"tag-sverige","15":"tag-sweden","16":"tag-swedish","17":"tag-topic-konsert","18":"tag-underhallning"},"share_on_mastodon":{"url":"","error":""},"_links":{"self":[{"href":"https:\/\/www.europesays.com\/se\/wp-json\/wp\/v2\/posts\/10569","targetHints":{"allow":["GET"]}}],"collection":[{"href":"https:\/\/www.europesays.com\/se\/wp-json\/wp\/v2\/posts"}],"about":[{"href":"https:\/\/www.europesays.com\/se\/wp-json\/wp\/v2\/types\/post"}],"author":[{"embeddable":true,"href":"https:\/\/www.europesays.com\/se\/wp-json\/wp\/v2\/users\/2"}],"replies":[{"embeddable":true,"href":"https:\/\/www.europesays.com\/se\/wp-json\/wp\/v2\/comments?post=10569"}],"version-history":[{"count":0,"href":"https:\/\/www.europesays.com\/se\/wp-json\/wp\/v2\/posts\/10569\/revisions"}],"wp:featuredmedia":[{"embeddable":true,"href":"https:\/\/www.europesays.com\/se\/wp-json\/wp\/v2\/media\/10570"}],"wp:attachment":[{"href":"https:\/\/www.europesays.com\/se\/wp-json\/wp\/v2\/media?parent=10569"}],"wp:term":[{"taxonomy":"category","embeddable":true,"href":"https:\/\/www.europesays.com\/se\/wp-json\/wp\/v2\/categories?post=10569"},{"taxonomy":"post_tag","embeddable":true,"href":"https:\/\/www.europesays.com\/se\/wp-json\/wp\/v2\/tags?post=10569"}],"curies":[{"name":"wp","href":"https:\/\/api.w.org\/{rel}","templated":true}]}}