{"id":105706,"date":"2025-12-14T15:09:08","date_gmt":"2025-12-14T15:09:08","guid":{"rendered":"https:\/\/www.europesays.com\/se\/105706\/"},"modified":"2025-12-14T15:09:08","modified_gmt":"2025-12-14T15:09:08","slug":"semesternotan-for-en-vecka-i-fjallen-runt-50000-kronor","status":"publish","type":"post","link":"https:\/\/www.europesays.com\/se\/105706\/","title":{"rendered":"Semesternotan f\u00f6r en vecka i fj\u00e4llen: Runt 50000 kronor"},"content":{"rendered":"<p>Omkring 50\u202f000 kronor. S\u00e5 mycket beh\u00f6ver en tv\u00e5barnsfamilj vara beredd att betala f\u00f6r en veckas skidsemester i fj\u00e4llen under sportlovet. Det visar en genomg\u00e5ng av Ica-banken, skriver TT. <\/p>\n<p>\u2013 Det har n\u00e4stan blivit en klassfr\u00e5ga, s\u00e4ger Magnus Hjelm\u00e9r, vardagsekonom p\u00e5 banken.<\/p>\n<p>Framf\u00f6r allt tv\u00e5 saker g\u00f6r att kostnaderna snabbt drar iv\u00e4g, boende och liftkort. F\u00f6r att s\u00e4nka kostnaderna tipsar Hjelm\u00e9r om f\u00e4rre uteluncher, samt att k\u00f6pa begagnad utrustning i\u202fst\u00e4llet f\u00f6r att hyra. <\/p>\n<p>Allra dyrast \u00e4r det under vecka 9 d\u00e5 stockholmarna har sportlov, enligt genomg\u00e5ngen.<\/p>\n<p>Omni \u00e4r politiskt obundna och oberoende. Vi str\u00e4var efter att ge fler perspektiv p\u00e5 nyheterna. Har du fr\u00e5gor eller synpunkter kring v\u00e5r rapportering? <a href=\"https:\/\/omni.se\/semesternotan-for-en-vecka-i-fjallen-runt-50000-kronor\/a\/mailto:redaktion@omni.se\" class=\"ArticleActions_contactLink__W2F1M\" rel=\"nofollow noopener\" target=\"_blank\">Kontakta redaktionen<\/a><\/p>\n","protected":false},"excerpt":{"rendered":"Omkring 50\u202f000 kronor. S\u00e5 mycket beh\u00f6ver en tv\u00e5barnsfamilj vara beredd att betala f\u00f6r en veckas skidsemester i fj\u00e4llen&hellip;\n","protected":false},"author":2,"featured_media":105707,"comment_status":"","ping_status":"","sticky":false,"template":"","format":"standard","meta":{"footnotes":""},"categories":[65],"tags":[72,70,71,11844,349,34,11845,31,33,32,30],"class_list":{"0":"post-105706","1":"post","2":"type-post","3":"status-publish","4":"format-standard","5":"has-post-thumbnail","7":"category-ekonomi","8":"tag-business","9":"tag-economy","10":"tag-ekonomi","11":"tag-friluftsliv","12":"tag-privatekonomi","13":"tag-se","14":"tag-semester","15":"tag-svenska","16":"tag-sverige","17":"tag-sweden","18":"tag-swedish"},"share_on_mastodon":{"url":"https:\/\/pubeurope.com\/@se\/115718557851210337","error":""},"_links":{"self":[{"href":"https:\/\/www.europesays.com\/se\/wp-json\/wp\/v2\/posts\/105706","targetHints":{"allow":["GET"]}}],"collection":[{"href":"https:\/\/www.europesays.com\/se\/wp-json\/wp\/v2\/posts"}],"about":[{"href":"https:\/\/www.europesays.com\/se\/wp-json\/wp\/v2\/types\/post"}],"author":[{"embeddable":true,"href":"https:\/\/www.europesays.com\/se\/wp-json\/wp\/v2\/users\/2"}],"replies":[{"embeddable":true,"href":"https:\/\/www.europesays.com\/se\/wp-json\/wp\/v2\/comments?post=105706"}],"version-history":[{"count":0,"href":"https:\/\/www.europesays.com\/se\/wp-json\/wp\/v2\/posts\/105706\/revisions"}],"wp:featuredmedia":[{"embeddable":true,"href":"https:\/\/www.europesays.com\/se\/wp-json\/wp\/v2\/media\/105707"}],"wp:attachment":[{"href":"https:\/\/www.europesays.com\/se\/wp-json\/wp\/v2\/media?parent=105706"}],"wp:term":[{"taxonomy":"category","embeddable":true,"href":"https:\/\/www.europesays.com\/se\/wp-json\/wp\/v2\/categories?post=105706"},{"taxonomy":"post_tag","embeddable":true,"href":"https:\/\/www.europesays.com\/se\/wp-json\/wp\/v2\/tags?post=105706"}],"curies":[{"name":"wp","href":"https:\/\/api.w.org\/{rel}","templated":true}]}}