{"id":105708,"date":"2025-12-14T15:10:17","date_gmt":"2025-12-14T15:10:17","guid":{"rendered":"https:\/\/www.europesays.com\/se\/105708\/"},"modified":"2025-12-14T15:10:17","modified_gmt":"2025-12-14T15:10:17","slug":"legitim-ratt-att-inneha-vapen","status":"publish","type":"post","link":"https:\/\/www.europesays.com\/se\/105708\/","title":{"rendered":"\u201dLegitim r\u00e4tt&#8221; att inneha vapen"},"content":{"rendered":"<p>share-arrowDela<\/p>\n<p>unsaveSpara<\/p>\n<p>expand-left<\/p>\n<p>helsk\u00e4rm<img decoding=\"async\" class=\"image-asset hyperion-css-u06ts1\" data-test-tag=\"image-asset\" src=\"https:\/\/www.europesays.com\/se\/wp-content\/uploads\/2025\/12\/c1b1c73f-f958-49e1-ba4b-f7dba8a3d895\"  alt=\"Hamasledaren Khalil al-Hayya. Arkivbild.\"  loading=\"eager\" fetchpriority=\"high\" style=\"aspect-ratio:1900 \/ 1266\"\/>Hamasledaren Khalil al-Hayya. Arkivbild. Foto: Khalil Hamra\/AP\/TT<\/p>\n<p class=\"hyperion-css-1shl3oz\" data-test-tag=\"lead-text\">Hamas har en \u201dlegitim r\u00e4ttighet\u201d att inneha vapen, enligt den terrorst\u00e4mplade r\u00f6relsens ledare Khalil al-Hayya. Alla f\u00f6rslag f\u00f6r n\u00e4sta fas av vapenvilan i Gaza m\u00e5ste uppr\u00e4tth\u00e5lla denna r\u00e4tt, h\u00e4vdar han.<\/p>\n<p class=\"hyperion-css-1v9qo5x\">\u201dMotst\u00e5nd och dess vapen \u00e4r en legitim r\u00e4ttighet som garanteras av internationell r\u00e4tt och \u00e4r kopplad till uppr\u00e4ttandet av en palestinsk stat\u201d, s\u00e4ger Khalil al-Hayya i ett tal i Hamas tv-kanal al-Aqsa p\u00e5 s\u00f6ndagen.<\/p>\n<p class=\"hyperion-css-1v9qo5x\">Hamas \u00e4r enligt al-Hayya \u201d\u00f6ppna f\u00f6r att titta p\u00e5 alla f\u00f6rslag som bevarar den r\u00e4ttigheten och samtidigt garanterar uppr\u00e4ttandet av en palestinsk stat.\u201d<\/p>\n<p class=\"hyperion-css-1v9qo5x\">Den f\u00f6rsta fasen av Vita husets vapenvila tr\u00e4dde i kraft den 10 oktober. N\u00e4sta fas \u2013 som fortfarande inte inletts \u2013 omfattar en internationell s\u00e4kerhetsstyrka i Gazaremsan, bildandet av ett teknokratiskt \u00f6verg\u00e5ngsstyre f\u00f6r omr\u00e5det, avv\u00e4pning av Hamas och ytterligare tillbakadragande av israeliska styrkor i Gaza.<\/p>\n","protected":false},"excerpt":{"rendered":"share-arrowDela unsaveSpara expand-left helsk\u00e4rmHamasledaren Khalil al-Hayya. Arkivbild. Foto: Khalil Hamra\/AP\/TT Hamas har en \u201dlegitim r\u00e4ttighet\u201d att inneha vapen,&hellip;\n","protected":false},"author":2,"featured_media":105709,"comment_status":"","ping_status":"","sticky":false,"template":"","format":"standard","meta":{"footnotes":""},"categories":[14],"tags":[22,23,26,27,17,21,24,25,28,29,15,16,18,34,31,33,32,30,19,20,51,52,53,54],"class_list":{"0":"post-105708","1":"post","2":"type-post","3":"status-publish","4":"format-standard","5":"has-post-thumbnail","7":"category-varlden","8":"tag-breaking-news","9":"tag-breakingnews","10":"tag-featured-news","11":"tag-featurednews","12":"tag-headlines","13":"tag-huvudnyheter","14":"tag-latest-news","15":"tag-latestnews","16":"tag-main-news","17":"tag-mainnews","18":"tag-news","19":"tag-nyheter","20":"tag-rubriker","21":"tag-se","22":"tag-svenska","23":"tag-sverige","24":"tag-sweden","25":"tag-swedish","26":"tag-top-stories","27":"tag-topstories","28":"tag-varlden","29":"tag-world","30":"tag-world-news","31":"tag-worldnews"},"share_on_mastodon":{"url":"https:\/\/pubeurope.com\/@se\/115718561839230964","error":""},"_links":{"self":[{"href":"https:\/\/www.europesays.com\/se\/wp-json\/wp\/v2\/posts\/105708","targetHints":{"allow":["GET"]}}],"collection":[{"href":"https:\/\/www.europesays.com\/se\/wp-json\/wp\/v2\/posts"}],"about":[{"href":"https:\/\/www.europesays.com\/se\/wp-json\/wp\/v2\/types\/post"}],"author":[{"embeddable":true,"href":"https:\/\/www.europesays.com\/se\/wp-json\/wp\/v2\/users\/2"}],"replies":[{"embeddable":true,"href":"https:\/\/www.europesays.com\/se\/wp-json\/wp\/v2\/comments?post=105708"}],"version-history":[{"count":0,"href":"https:\/\/www.europesays.com\/se\/wp-json\/wp\/v2\/posts\/105708\/revisions"}],"wp:featuredmedia":[{"embeddable":true,"href":"https:\/\/www.europesays.com\/se\/wp-json\/wp\/v2\/media\/105709"}],"wp:attachment":[{"href":"https:\/\/www.europesays.com\/se\/wp-json\/wp\/v2\/media?parent=105708"}],"wp:term":[{"taxonomy":"category","embeddable":true,"href":"https:\/\/www.europesays.com\/se\/wp-json\/wp\/v2\/categories?post=105708"},{"taxonomy":"post_tag","embeddable":true,"href":"https:\/\/www.europesays.com\/se\/wp-json\/wp\/v2\/tags?post=105708"}],"curies":[{"name":"wp","href":"https:\/\/api.w.org\/{rel}","templated":true}]}}