{"id":105710,"date":"2025-12-14T15:12:12","date_gmt":"2025-12-14T15:12:12","guid":{"rendered":"https:\/\/www.europesays.com\/se\/105710\/"},"modified":"2025-12-14T15:12:12","modified_gmt":"2025-12-14T15:12:12","slug":"tunisisk-opposition-forenas-i-protest-mot-president-saied","status":"publish","type":"post","link":"https:\/\/www.europesays.com\/se\/105710\/","title":{"rendered":"Tunisisk opposition f\u00f6renas i protest mot president Saied"},"content":{"rendered":"<p>            <a href=\"https:\/\/tidningensyre.se\/sektion\/radar\/\" class=\"article__breadcrumb-link article__breadcrumb-link--magenta\" rel=\"nofollow noopener\" target=\"_blank\">Radar<\/a><br \/>\n             \u00b7 Utrikes<\/p>\n<p>\n            Publicerad 4 timmar sedan\n        <\/p>\n<p>\n                    Demonstranter i en protest mot Tunisien-presidenten Kais Saieds styre och som kr\u00e4ver frigivning av politiska f\u00e5ngar i Tunis, Tunisien. Bilden \u00e4r tagen vid en tidigare protest den 22 november 2025. Banderollen p\u00e5 arabiska lyder: \u201d7 minuter = r\u00e4tteg\u00e5ngens l\u00e4ngd\u201d. Foto: Anis Mili\/AP\/TT\n            <\/p>\n<p class=\"article__paragraph\">Aktivister och oppositionspolitiker fr\u00e5n hela Tunisien gick p\u00e5 l\u00f6rdagen ut p\u00e5 gatorna i en gemensam protest mot president Kais Saied. Demonstranterna kr\u00e4ver ett slut p\u00e5 enmansv\u00e4lde och \u00e5terst\u00e4llande av demokratin.<\/p>\n<p class=\"article__paragraph\">Protesterna, som f\u00f6ljde p\u00e5 tre veckors demonstrationer, visar p\u00e5 en v\u00e4xande mobilisering mot Saieds omfattande f\u00f6rtryck av kritiker, rapporterar <a href=\"https:\/\/www.usnews.com\/news\/world\/articles\/2025-12-13\/tunisian-opposition-joins-forces-in-protest-against-president-saied\" target=\"_blank\" rel=\"noopener nofollow\">Reuters<\/a>. Hundratals personer marscherade genom huvudstaden med portr\u00e4tt av f\u00e4ngslade politiker, journalister och aktivister \u2013 d\u00e4ribland Abir Moussi, partiledare f\u00f6r det sekul\u00e4ra partiet som nyligen d\u00f6mdes till 12 \u00e5rs f\u00e4ngelse f\u00f6r brott mot en lag som kriminaliserar \u201dattacker som \u00e4mnar att \u00e4ndra statsskicket\u201d.<\/p>\n<p class=\"article__paragraph\">R\u00e4ttighetsorganisationer menar att Saied har urholkat fri- och r\u00e4ttigheter och f\u00f6rvandlat Tunisien till ett \u201df\u00e4ngelse under bar himmel\u201d. Saied avvisar kritiken och s\u00e4ger att han rensar ut f\u00f6rr\u00e4dare och korrupta eliter.<\/p>\n","protected":false},"excerpt":{"rendered":"Radar \u00b7 Utrikes Publicerad 4 timmar sedan Demonstranter i en protest mot Tunisien-presidenten Kais Saieds styre och som&hellip;\n","protected":false},"author":2,"featured_media":105711,"comment_status":"","ping_status":"","sticky":false,"template":"","format":"standard","meta":{"footnotes":""},"categories":[5],"tags":[22,23,26,27,17,21,24,25,28,29,15,16,18,34,31,33,32,30,19,20],"class_list":{"0":"post-105710","1":"post","2":"type-post","3":"status-publish","4":"format-standard","5":"has-post-thumbnail","7":"category-rubriker","8":"tag-breaking-news","9":"tag-breakingnews","10":"tag-featured-news","11":"tag-featurednews","12":"tag-headlines","13":"tag-huvudnyheter","14":"tag-latest-news","15":"tag-latestnews","16":"tag-main-news","17":"tag-mainnews","18":"tag-news","19":"tag-nyheter","20":"tag-rubriker","21":"tag-se","22":"tag-svenska","23":"tag-sverige","24":"tag-sweden","25":"tag-swedish","26":"tag-top-stories","27":"tag-topstories"},"share_on_mastodon":{"url":"https:\/\/pubeurope.com\/@se\/115718569502462188","error":""},"_links":{"self":[{"href":"https:\/\/www.europesays.com\/se\/wp-json\/wp\/v2\/posts\/105710","targetHints":{"allow":["GET"]}}],"collection":[{"href":"https:\/\/www.europesays.com\/se\/wp-json\/wp\/v2\/posts"}],"about":[{"href":"https:\/\/www.europesays.com\/se\/wp-json\/wp\/v2\/types\/post"}],"author":[{"embeddable":true,"href":"https:\/\/www.europesays.com\/se\/wp-json\/wp\/v2\/users\/2"}],"replies":[{"embeddable":true,"href":"https:\/\/www.europesays.com\/se\/wp-json\/wp\/v2\/comments?post=105710"}],"version-history":[{"count":0,"href":"https:\/\/www.europesays.com\/se\/wp-json\/wp\/v2\/posts\/105710\/revisions"}],"wp:featuredmedia":[{"embeddable":true,"href":"https:\/\/www.europesays.com\/se\/wp-json\/wp\/v2\/media\/105711"}],"wp:attachment":[{"href":"https:\/\/www.europesays.com\/se\/wp-json\/wp\/v2\/media?parent=105710"}],"wp:term":[{"taxonomy":"category","embeddable":true,"href":"https:\/\/www.europesays.com\/se\/wp-json\/wp\/v2\/categories?post=105710"},{"taxonomy":"post_tag","embeddable":true,"href":"https:\/\/www.europesays.com\/se\/wp-json\/wp\/v2\/tags?post=105710"}],"curies":[{"name":"wp","href":"https:\/\/api.w.org\/{rel}","templated":true}]}}