{"id":105720,"date":"2025-12-14T15:20:21","date_gmt":"2025-12-14T15:20:21","guid":{"rendered":"https:\/\/www.europesays.com\/se\/105720\/"},"modified":"2025-12-14T15:20:21","modified_gmt":"2025-12-14T15:20:21","slug":"larm-om-skjutning-vid-bondi-beach","status":"publish","type":"post","link":"https:\/\/www.europesays.com\/se\/105720\/","title":{"rendered":"Larm om skjutning vid Bondi Beach"},"content":{"rendered":"<p class=\"sc-c25743f0-0 sc-e37c0145-2 hObFds DQgPn\">Tolv personer har bekr\u00e4ftats d\u00f6da efter skjutningen, varav en tros vara en av de misst\u00e4nkta g\u00e4rningsm\u00e4nnen. Den andra misst\u00e4nkte skytten ska vara allvarligt skadad. 29 personer har f\u00f6rts till sjukhus, meddelar polisen vid en presskonferens. <\/p>\n<p class=\"sc-c25743f0-0 sc-e37c0145-2 hObFds DQgPn\">Polischefen Mal Lanyon s\u00e4ger att skjutningen utreds som en terrorattack, och New South Wales premi\u00e4rminister Chris Minns s\u00e4ger att attacken riktade sig s\u00e4rskilt mot ett judiskt firande vid stranden. <\/p>\n<p class=\"sc-c25743f0-0 sc-e37c0145-2 hObFds DQgPn\">\u2013 Den h\u00e4r attacken utformades f\u00f6r att rikta in sig mot Sydneys judiska gemenskap s\u00e4ger han och forts\u00e4tter:<\/p>\n<p class=\"sc-c25743f0-0 sc-e37c0145-2 hObFds DQgPn\">\u2013 Den f\u00f6rsta dagen av chanukka, som skulle ha varit en kv\u00e4ll av gl\u00e4dje, har krossats av den h\u00e4r fruktansv\u00e4rt onda attacken. <\/p>\n<p>Misst\u00e4nkta f\u00f6rem\u00e5l unders\u00f6ks<\/p>\n<p class=\"sc-c25743f0-0 sc-e37c0145-2 hObFds DQgPn\">Polisen larmades om skjutningen vid 18.45-tiden lokal tid.  \u00d6ver 25 resurser fr\u00e5n sjukv\u00e5rden, inklusive helikoptrar, arbetar p\u00e5 platsen enligt<a href=\"https:\/\/www.google.com\/search?q=abc+news+australia&amp;rlz=1C1GCEA_enSE1130SE1130&amp;oq=abc+news+australia&amp;gs_lcrp=EgZjaHJvbWUyCQgAEEUYORiABDIHCAEQABiABDIHCAIQABiABDIICAMQABgWGB4yCAgEEAAYFhgeMgoIBRAAGAoYFhgeMggIBhAAGBYYHjIGCAcQRRg80gEIMjE0OGowajmoAgCwAgE&amp;sourceid=chrome&amp;ie=UTF-8\" class=\"pcc\" target=\"_blank\" rel=\"noopener noreferrer nofollow\"> ABC News. <\/a><\/p>\n<p class=\"sc-c25743f0-0 sc-e37c0145-2 hObFds DQgPn\">I ett uttalande fr\u00e5n polisen uppger de att ett antal misst\u00e4nkta f\u00f6rem\u00e5l har hittats i n\u00e4rheten av omr\u00e5det, och kontrolleras nu av tekniker. Bland annat misst\u00e4nker man att det kan finnas spr\u00e4ngmedel i ett fordon i n\u00e4rheten av stranden. <\/p>\n<p class=\"sc-c25743f0-0 sc-e37c0145-2 hObFds DQgPn\">Polisen utreder ocks\u00e5 om en tredje skytt kan ha varit inblandad i attacken, och specialstyrkor har satts in f\u00f6r att hindra eventuella ytterligare incidenter, skriver <a href=\"https:\/\/news.sky.com\/story\/bondi-beach-latest-two-in-custody-after-reports-of-shooting-in-sydney-13483176#10699729\" class=\"pcc\" target=\"_blank\" rel=\"noopener noreferrer nofollow\">Sky News. <\/a><\/p>\n<p><img decoding=\"async\" loading=\"lazy\" src=\"https:\/\/www.europesays.com\/se\/wp-content\/uploads\/2025\/12\/1765725621_421_\" class=\"sc-73b4da02-4 hiJhTJ\"\/><\/p>\n<p class=\"sc-c25743f0-0 gMtMnA\">En skadad person tas om hand efter skjutning p\u00e5 Bondi Beach i Sydney<\/p>\n<p><img decoding=\"async\" itemprop=\"contentUrl\" loading=\"lazy\" src=\"https:\/\/www.europesays.com\/se\/wp-content\/uploads\/2025\/12\/1765725621_421_\" alt=\"\" class=\"sc-6521091-0 bNsjRS\"\/>En skadad person tas om hand efter skjutning p\u00e5 Bondi Beach i Sydney<\/p>\n<p class=\"sc-c25743f0-0 sc-4a1f9703-0 GnxaU hgdzHk\">Foto: AP\/TT<\/p>\n<p>Vittnet: \u201dDet blev panik\u201d<\/p>\n<p class=\"sc-c25743f0-0 sc-e37c0145-2 hObFds DQgPn\"> Vittnet Elizabeth Mealey som ABC pratat med s\u00e4ger att hon \u00e5t middag p\u00e5 en n\u00e4rliggande restaurang n\u00e4r hon h\u00f6rde skott. <\/p>\n<p class=\"sc-c25743f0-0 sc-e37c0145-2 hObFds DQgPn\">\u2013 Vi trodde att det var fyrverkerier, men det var n\u00e5got mycket v\u00e4rre. Folk b\u00f6rjade springa upp l\u00e4ngs stranden och det blev panik. Det var s\u00e5 l\u00e4skigt, s\u00e4ger hon. <\/p>\n<p class=\"sc-c25743f0-0 sc-e37c0145-2 hObFds DQgPn\">Ett annat vittne uppger att han s\u00e5g \u201dminst tio personer p\u00e5 marken och blod \u00f6verallt\u201d, skriver <a href=\"https:\/\/www.reuters.com\/world\/asia-pacific\/australia-police-responding-after-gunshots-reported-bondi-beach-2025-12-14\/\" class=\"pcc\" target=\"_blank\" rel=\"noopener noreferrer nofollow\">Reuters, <\/a>med h\u00e4nvisning till The Sydney Morning Herald.<\/p>\n<p>Riktat mot judiskt firande<\/p>\n<p class=\"sc-c25743f0-0 sc-e37c0145-2 hObFds DQgPn\">Skjutningen genomf\u00f6rdes under ett firande av den judiska h\u00f6gtiden Chanukka, som h\u00f6lls p\u00e5 stranden d\u00e4r flera familjer var p\u00e5 plats, rapporterar flera medier. Enligt Reuters var runt tusen personer p\u00e5 plats f\u00f6r firandet. <\/p>\n<p class=\"sc-c25743f0-0 sc-e37c0145-2 hObFds DQgPn\">Utrikesreporter Johan Augustin \u00e4r p\u00e5 plats i Sydney. I Nyhetsmorgon s\u00e4ger han att d\u00e5det tros ha planerats under en l\u00e5ng tid. <\/p>\n<p class=\"sc-c25743f0-0 sc-e37c0145-2 hObFds DQgPn\">\u2013 Det var tv\u00e5 f\u00f6r\u00f6vare som angrep denna judiska festivalen, Chanukka-festivalen, nu vid sjutiden lokal tid, s\u00e4ger han och forts\u00e4tter:<\/p>\n<p class=\"sc-c25743f0-0 sc-e37c0145-2 hObFds DQgPn\">\u2013 Det har funnits tidigare planer f\u00f6r d\u00e5d och just detta ska ha varit planlagt i flera m\u00e5nader s\u00e4ger polisen nu efter denna attacken som skedde i dag p\u00e5 Bondi Beach.<\/p>\n<p>Uppgifter: H\u00f6jd vaksamhet i Sverige<\/p>\n<p class=\"sc-c25743f0-0 sc-e37c0145-2 hObFds DQgPn\">Australiens premi\u00e4rminister Anthony Albanese uttalar sig ocks\u00e5 p\u00e5 polisens presskonferens, och kallar skjutningen f\u00f6r en \u201dondskefull handling av antisemitism och terrorism\u201d. <\/p>\n<p class=\"sc-c25743f0-0 sc-e37c0145-2 hObFds DQgPn\">\u2013 Den ondska som utspelat sig p\u00e5 Bondi Beach i dag \u00e4r bortom allt f\u00f6rst\u00e5nd, och det traumat och de f\u00f6rluster som drabbat familjer i kv\u00e4ll \u00f6vertr\u00e4ffar allas v\u00e4rsta mardr\u00f6m, s\u00e4ger han enligt Sky News.<\/p>\n<p class=\"sc-c25743f0-0 sc-e37c0145-2 hObFds DQgPn\">Enligt uppgifter till TV4 Nyheterna ska \u00e4ven svensk polis h\u00f6ja vaksamheten efter senaste tidens terrorh\u00e4ndelser, delvis masskjutningen i Sydney men ocks\u00e5 den avv\u00e4rjda islamistiska terrorattacken mot en julmarknad i Tyskland.<\/p>\n<p class=\"sc-c25743f0-0 sc-e37c0145-2 hObFds DQgPn\">Man kommer ha extra bevakning, patrullering och n\u00e4rvaro p\u00e5 offentliga platser som m\u00e5nga samlas p\u00e5, samt andra symboliska platser, i olika delar av landet. <\/p>\n<p class=\"sc-c25743f0-0 sc-e37c0145-2 hObFds DQgPn\">I Stockholm kommer man h\u00f6ja s\u00e4kerheten vid judiska objekt och st\u00e4rka bevakningen p\u00e5 grund terrord\u00e5det p\u00e5 Bondi Beach, enligt uppgifter. <\/p>\n","protected":false},"excerpt":{"rendered":"Tolv personer har bekr\u00e4ftats d\u00f6da efter skjutningen, varav en tros vara en av de misst\u00e4nkta g\u00e4rningsm\u00e4nnen. Den andra&hellip;\n","protected":false},"author":2,"featured_media":105721,"comment_status":"","ping_status":"","sticky":false,"template":"","format":"standard","meta":{"footnotes":""},"categories":[5],"tags":[22,23,26,27,17,21,24,25,28,29,15,16,18,34,31,33,32,30,19,20],"class_list":{"0":"post-105720","1":"post","2":"type-post","3":"status-publish","4":"format-standard","5":"has-post-thumbnail","7":"category-rubriker","8":"tag-breaking-news","9":"tag-breakingnews","10":"tag-featured-news","11":"tag-featurednews","12":"tag-headlines","13":"tag-huvudnyheter","14":"tag-latest-news","15":"tag-latestnews","16":"tag-main-news","17":"tag-mainnews","18":"tag-news","19":"tag-nyheter","20":"tag-rubriker","21":"tag-se","22":"tag-svenska","23":"tag-sverige","24":"tag-sweden","25":"tag-swedish","26":"tag-top-stories","27":"tag-topstories"},"share_on_mastodon":{"url":"https:\/\/pubeurope.com\/@se\/115718601163641528","error":""},"_links":{"self":[{"href":"https:\/\/www.europesays.com\/se\/wp-json\/wp\/v2\/posts\/105720","targetHints":{"allow":["GET"]}}],"collection":[{"href":"https:\/\/www.europesays.com\/se\/wp-json\/wp\/v2\/posts"}],"about":[{"href":"https:\/\/www.europesays.com\/se\/wp-json\/wp\/v2\/types\/post"}],"author":[{"embeddable":true,"href":"https:\/\/www.europesays.com\/se\/wp-json\/wp\/v2\/users\/2"}],"replies":[{"embeddable":true,"href":"https:\/\/www.europesays.com\/se\/wp-json\/wp\/v2\/comments?post=105720"}],"version-history":[{"count":0,"href":"https:\/\/www.europesays.com\/se\/wp-json\/wp\/v2\/posts\/105720\/revisions"}],"wp:featuredmedia":[{"embeddable":true,"href":"https:\/\/www.europesays.com\/se\/wp-json\/wp\/v2\/media\/105721"}],"wp:attachment":[{"href":"https:\/\/www.europesays.com\/se\/wp-json\/wp\/v2\/media?parent=105720"}],"wp:term":[{"taxonomy":"category","embeddable":true,"href":"https:\/\/www.europesays.com\/se\/wp-json\/wp\/v2\/categories?post=105720"},{"taxonomy":"post_tag","embeddable":true,"href":"https:\/\/www.europesays.com\/se\/wp-json\/wp\/v2\/tags?post=105720"}],"curies":[{"name":"wp","href":"https:\/\/api.w.org\/{rel}","templated":true}]}}