{"id":105728,"date":"2025-12-14T15:26:21","date_gmt":"2025-12-14T15:26:21","guid":{"rendered":"https:\/\/www.europesays.com\/se\/105728\/"},"modified":"2025-12-14T15:26:21","modified_gmt":"2025-12-14T15:26:21","slug":"zelenskyj-besokte-fronten-vid-ockuperad-stad-2","status":"publish","type":"post","link":"https:\/\/www.europesays.com\/se\/105728\/","title":{"rendered":"Zelenskyj bes\u00f6kte fronten vid ockuperad stad"},"content":{"rendered":"<p>Ukraina har uppgivit att arm\u00e9n har \u00e5tertagit tv\u00e5 omr\u00e5den i Charkivregionen i nord\u00f6stra delen av landet och tryckt tillbaka ryska trupper i Kupjansk, en strategiskt viktig stad och j\u00e4rnv\u00e4gsknut.<\/p>\n<p>\u201dVi kan se att m\u00e5nga ryssar pratar om Kupjansk. Jag var d\u00e4r. Jag gratulerade grabbarna. Tack till varje enhet och alla som strider d\u00e4r och till alla som krossar ockupanterna\u201d, s\u00e4ger Zelenskyj p\u00e5 Telegram.<\/p>\n<p>Han avsl\u00f6jade inte exakt var han befann sig p\u00e5 fredagen, men AFP har kunnat lokalisera honom till en infartsv\u00e4g sydv\u00e4st om Kupjansk.<\/p>\n<p>Den ryska arm\u00e9n uppgav i slutet av november att de intagit staden, som de ockuperade 2022 innan de ukrainska styrkorna \u00e5tertog staden samma h\u00f6st.<\/p>\n<p>Ryssland har de senaste m\u00e5naderna h\u00e4vdat att de gjort stora framryckningar vid fronten. Men Kiev har tillbakavisat p\u00e5st\u00e5endena som ett f\u00f6rs\u00f6k att p\u00e5verka fredsf\u00f6rhandlingarna och f\u00e5 det att framst\u00e5 som att Ukraina befinner sig n\u00e4ra kollaps.<\/p>\n","protected":false},"excerpt":{"rendered":"Ukraina har uppgivit att arm\u00e9n har \u00e5tertagit tv\u00e5 omr\u00e5den i Charkivregionen i nord\u00f6stra delen av landet och tryckt&hellip;\n","protected":false},"author":2,"featured_media":105729,"comment_status":"","ping_status":"","sticky":false,"template":"","format":"standard","meta":{"footnotes":""},"categories":[14],"tags":[22,23,26,27,17,21,24,25,28,29,15,16,18,34,31,33,32,30,19,20,51,52,53,54],"class_list":{"0":"post-105728","1":"post","2":"type-post","3":"status-publish","4":"format-standard","5":"has-post-thumbnail","7":"category-varlden","8":"tag-breaking-news","9":"tag-breakingnews","10":"tag-featured-news","11":"tag-featurednews","12":"tag-headlines","13":"tag-huvudnyheter","14":"tag-latest-news","15":"tag-latestnews","16":"tag-main-news","17":"tag-mainnews","18":"tag-news","19":"tag-nyheter","20":"tag-rubriker","21":"tag-se","22":"tag-svenska","23":"tag-sverige","24":"tag-sweden","25":"tag-swedish","26":"tag-top-stories","27":"tag-topstories","28":"tag-varlden","29":"tag-world","30":"tag-world-news","31":"tag-worldnews"},"share_on_mastodon":{"url":"https:\/\/pubeurope.com\/@se\/115718624584512807","error":""},"_links":{"self":[{"href":"https:\/\/www.europesays.com\/se\/wp-json\/wp\/v2\/posts\/105728","targetHints":{"allow":["GET"]}}],"collection":[{"href":"https:\/\/www.europesays.com\/se\/wp-json\/wp\/v2\/posts"}],"about":[{"href":"https:\/\/www.europesays.com\/se\/wp-json\/wp\/v2\/types\/post"}],"author":[{"embeddable":true,"href":"https:\/\/www.europesays.com\/se\/wp-json\/wp\/v2\/users\/2"}],"replies":[{"embeddable":true,"href":"https:\/\/www.europesays.com\/se\/wp-json\/wp\/v2\/comments?post=105728"}],"version-history":[{"count":0,"href":"https:\/\/www.europesays.com\/se\/wp-json\/wp\/v2\/posts\/105728\/revisions"}],"wp:featuredmedia":[{"embeddable":true,"href":"https:\/\/www.europesays.com\/se\/wp-json\/wp\/v2\/media\/105729"}],"wp:attachment":[{"href":"https:\/\/www.europesays.com\/se\/wp-json\/wp\/v2\/media?parent=105728"}],"wp:term":[{"taxonomy":"category","embeddable":true,"href":"https:\/\/www.europesays.com\/se\/wp-json\/wp\/v2\/categories?post=105728"},{"taxonomy":"post_tag","embeddable":true,"href":"https:\/\/www.europesays.com\/se\/wp-json\/wp\/v2\/tags?post=105728"}],"curies":[{"name":"wp","href":"https:\/\/api.w.org\/{rel}","templated":true}]}}