{"id":105730,"date":"2025-12-14T15:28:43","date_gmt":"2025-12-14T15:28:43","guid":{"rendered":"https:\/\/www.europesays.com\/se\/105730\/"},"modified":"2025-12-14T15:28:43","modified_gmt":"2025-12-14T15:28:43","slug":"forre-fbk-spelaren-i-omtalad-nhl-trejd-byttes-bort-mot-superstjarnan-vf","status":"publish","type":"post","link":"https:\/\/www.europesays.com\/se\/105730\/","title":{"rendered":"F\u00f6rre FBK-spelaren i omtalad NHL-trejd \u2013 byttes bort mot superstj\u00e4rnan &#8211; VF"},"content":{"rendered":"<ol>\n<li><a href=\"https:\/\/news.google.com\/rss\/articles\/CBMipwFBVV95cUxQYkRtTlZHWGNnckhTdVVORnJYemJvMTU3eW92TlA1RENqRm1NY2dPZ1NualRXTFBHTThTd25GZmRPOXl1enJBdlNVeHVwUDVSNWdPeEFRM0MxM3NDMHk3VHJCZExTX1dkRXA1cTNmdVlRcjkzbTZ1SU4teUJYZllrd2dJdHN2VGd6VGRLS2JBWGxxU191MlFVdUlwa0trRXlJYnBqbHhocw?oc=5\" target=\"_blank\" rel=\"nofollow noopener\">F\u00f6rre FBK-spelaren i omtalad NHL-trejd \u2013 byttes bort mot superstj\u00e4rnan<\/a>&nbsp;&nbsp;VF<\/li>\n<li><a href=\"https:\/\/news.google.com\/rss\/articles\/CBMivgFBVV95cUxQYUI4dkY0eDhkNi1zNDVTR2x2RmRwYnNvSHNpVnNfcFVaNGNDZU9iMVdWTWJFWjk5aENxVHgtZzBJdjVTbmVqb3dQOGw1ZkVnclNjTkh3alh6MXRRc0p6eFNEdjlQRGJiWUwzUXN5V2RjbHVqTjctTVRwS0had3JFM0UwcDFGWUdyLWhHVDZIQVhaT29zVXVfSzZmTzBLcEpQM0VlYWppRUx1MW5aX1FoWGViSm12eURBREh4VjBB?oc=5\" target=\"_blank\" rel=\"nofollow noopener\">NHL-svepet: Svensken firade j\u00e4ttetrejden med att avg\u00f6ra<\/a>&nbsp;&nbsp;Aftonbladet<\/li>\n<li><a href=\"https:\/\/news.google.com\/rss\/articles\/CBMifEFVX3lxTFAzWktkVERNN042M3FEMldTZmRDX1Q3QkpfSE40SmhpNUJtRTN5OWEtWGVsS0xsMDNmOTJpbTlGRXdxbk9VeEpEUjdVMHBKenFkdktYdjdfcXQ4Tll5WGg4bTJDYURMbm9HZXlhYlM4bG03TmhOZHBCbnRHMms?oc=5\" target=\"_blank\" rel=\"nofollow noopener\">Svensken om j\u00e4tte- trejden: \u201dS\u00f6mnl\u00f6s\u201d<\/a>&nbsp;&nbsp;Expressen<\/li>\n<li><a href=\"https:\/\/news.google.com\/rss\/articles\/CBMijwFBVV95cUxQQkM2NENpcE5rNlEtbnNTeVNmVjRoQ3N4TFBuNUJuMmMtdXZWLTZVRlhvOHpRcTV1c1pKWk1qVDF0SW9kSm1KQUtzX1pQYlVjRGNGZTh6ZVVOeVZxbDRTWnhBU0JTNFZBT3h3amVIZVVpV3lsVWRKUmcyYU51ZFBTSXg4V1J5Y2JjSnhHNXU5UQ?oc=5\" target=\"_blank\" rel=\"nofollow noopener\">Ishockey: H\u00e5kan Loob om Quinn Hughes-trejden: \u201dDen \u00e4r monumental\u201d<\/a>&nbsp;&nbsp;SVT Nyheter<\/li>\n<li><a href=\"https:\/\/news.google.com\/rss\/articles\/CBMikgFBVV95cUxPOGVDNnhoMG1xeVE1enByak5DT1NvQ2l0ME51azVPNE83OVZhYnU4QzU3SE5SQUpNQ3ZZcTQwa19fVnlkekdjVDc3TmpEQmEzNXM2cnFiTG5rUnY0TlJnMDMxYmk3MWRlbmtOUVRBaE9XS0l1bE8ySHpSY2pxUEdQcTJGZ0I0MzFsSDVPSm9McFladw?oc=5\" target=\"_blank\" rel=\"nofollow noopener\">F\u00f6rre FBK-forwarden byts bort \u2013 h\u00e4r \u00e4r hans nya klubb<\/a>&nbsp;&nbsp;NWT<\/li>\n<\/ol>\n","protected":false},"excerpt":{"rendered":"F\u00f6rre FBK-spelaren i omtalad NHL-trejd \u2013 byttes bort mot superstj\u00e4rnan&nbsp;&nbsp;VF NHL-svepet: Svensken firade j\u00e4ttetrejden med att avg\u00f6ra&nbsp;&nbsp;Aftonbladet Svensken&hellip;\n","protected":false},"author":2,"featured_media":105731,"comment_status":"","ping_status":"","sticky":false,"template":"","format":"standard","meta":{"footnotes":""},"categories":[5],"tags":[22,23,26,27,17,21,24,25,28,29,15,16,18,34,31,33,32,30,19,20],"class_list":{"0":"post-105730","1":"post","2":"type-post","3":"status-publish","4":"format-standard","5":"has-post-thumbnail","7":"category-rubriker","8":"tag-breaking-news","9":"tag-breakingnews","10":"tag-featured-news","11":"tag-featurednews","12":"tag-headlines","13":"tag-huvudnyheter","14":"tag-latest-news","15":"tag-latestnews","16":"tag-main-news","17":"tag-mainnews","18":"tag-news","19":"tag-nyheter","20":"tag-rubriker","21":"tag-se","22":"tag-svenska","23":"tag-sverige","24":"tag-sweden","25":"tag-swedish","26":"tag-top-stories","27":"tag-topstories"},"share_on_mastodon":{"url":"https:\/\/pubeurope.com\/@se\/115718632471994928","error":""},"_links":{"self":[{"href":"https:\/\/www.europesays.com\/se\/wp-json\/wp\/v2\/posts\/105730","targetHints":{"allow":["GET"]}}],"collection":[{"href":"https:\/\/www.europesays.com\/se\/wp-json\/wp\/v2\/posts"}],"about":[{"href":"https:\/\/www.europesays.com\/se\/wp-json\/wp\/v2\/types\/post"}],"author":[{"embeddable":true,"href":"https:\/\/www.europesays.com\/se\/wp-json\/wp\/v2\/users\/2"}],"replies":[{"embeddable":true,"href":"https:\/\/www.europesays.com\/se\/wp-json\/wp\/v2\/comments?post=105730"}],"version-history":[{"count":0,"href":"https:\/\/www.europesays.com\/se\/wp-json\/wp\/v2\/posts\/105730\/revisions"}],"wp:featuredmedia":[{"embeddable":true,"href":"https:\/\/www.europesays.com\/se\/wp-json\/wp\/v2\/media\/105731"}],"wp:attachment":[{"href":"https:\/\/www.europesays.com\/se\/wp-json\/wp\/v2\/media?parent=105730"}],"wp:term":[{"taxonomy":"category","embeddable":true,"href":"https:\/\/www.europesays.com\/se\/wp-json\/wp\/v2\/categories?post=105730"},{"taxonomy":"post_tag","embeddable":true,"href":"https:\/\/www.europesays.com\/se\/wp-json\/wp\/v2\/tags?post=105730"}],"curies":[{"name":"wp","href":"https:\/\/api.w.org\/{rel}","templated":true}]}}