{"id":105736,"date":"2025-12-14T15:37:08","date_gmt":"2025-12-14T15:37:08","guid":{"rendered":"https:\/\/www.europesays.com\/se\/105736\/"},"modified":"2025-12-14T15:37:08","modified_gmt":"2025-12-14T15:37:08","slug":"masskjutning-pa-bondi-paverkar-inte-judiska-forsamlingens-firande","status":"publish","type":"post","link":"https:\/\/www.europesays.com\/se\/105736\/","title":{"rendered":"Masskjutning p\u00e5 Bondi p\u00e5verkar inte judiska f\u00f6rsamlingens firande"},"content":{"rendered":"<p>Enligt Fredrik Sieradzki finns ingen \u00f6kad hotbild mot f\u00f6rsamlingen efter det misst\u00e4nkta terrord\u00e5det i Australien.<\/p>\n<p>\u2013 Vi har inga indikationer att det finns ett \u00f6kat hot, mer \u00e4n det som vi redan har. Vi har en s\u00e4kerhetssituation som g\u00f6r att vi f\u00e5r ha en h\u00f6g s\u00e4kerhetsmedvetenhet och det har vi haft det l\u00e4nge, s\u00e4ger Fredrik Sieradzki, talesperson f\u00f6r judiska f\u00f6rsamlingen i Malm\u00f6.<\/p>\n<p>F\u00f6rsamlingen kommer forts\u00e4tta med sitt planerade firande av chanukka.<\/p>\n<p>\u2013 Det h\u00e4r d\u00e5det ska inte inverka p\u00e5 v\u00e5ra verksamheter. <\/p>\n<p>D\u00e5det ber\u00f6r f\u00f6rsamlingen djupt. <\/p>\n<p>\u2013 Det \u00e4r ett fruktansv\u00e4rt d\u00e5d som riktades mot en chanukkafest. De verkar ha skjutit totalt urskillningsl\u00f6st, det \u00e4r hemskt och vi t\u00e4nker p\u00e5 alla som har drabbats oavsett om de \u00e4r judar eller inte judar. Men samtidigt g\u00e5r livet vidare s\u00e5 vi kommer fira chanukka, s\u00e4ger Fredrik Sieradzki.<\/p>\n","protected":false},"excerpt":{"rendered":"Enligt Fredrik Sieradzki finns ingen \u00f6kad hotbild mot f\u00f6rsamlingen efter det misst\u00e4nkta terrord\u00e5det i Australien. \u2013 Vi har&hellip;\n","protected":false},"author":2,"featured_media":105737,"comment_status":"","ping_status":"","sticky":false,"template":"","format":"standard","meta":{"footnotes":""},"categories":[14],"tags":[22,23,26,27,17,21,24,25,28,29,15,16,18,34,31,33,32,30,19,20,51,52,53,54],"class_list":{"0":"post-105736","1":"post","2":"type-post","3":"status-publish","4":"format-standard","5":"has-post-thumbnail","7":"category-varlden","8":"tag-breaking-news","9":"tag-breakingnews","10":"tag-featured-news","11":"tag-featurednews","12":"tag-headlines","13":"tag-huvudnyheter","14":"tag-latest-news","15":"tag-latestnews","16":"tag-main-news","17":"tag-mainnews","18":"tag-news","19":"tag-nyheter","20":"tag-rubriker","21":"tag-se","22":"tag-svenska","23":"tag-sverige","24":"tag-sweden","25":"tag-swedish","26":"tag-top-stories","27":"tag-topstories","28":"tag-varlden","29":"tag-world","30":"tag-world-news","31":"tag-worldnews"},"share_on_mastodon":{"url":"https:\/\/pubeurope.com\/@se\/115718667837740334","error":""},"_links":{"self":[{"href":"https:\/\/www.europesays.com\/se\/wp-json\/wp\/v2\/posts\/105736","targetHints":{"allow":["GET"]}}],"collection":[{"href":"https:\/\/www.europesays.com\/se\/wp-json\/wp\/v2\/posts"}],"about":[{"href":"https:\/\/www.europesays.com\/se\/wp-json\/wp\/v2\/types\/post"}],"author":[{"embeddable":true,"href":"https:\/\/www.europesays.com\/se\/wp-json\/wp\/v2\/users\/2"}],"replies":[{"embeddable":true,"href":"https:\/\/www.europesays.com\/se\/wp-json\/wp\/v2\/comments?post=105736"}],"version-history":[{"count":0,"href":"https:\/\/www.europesays.com\/se\/wp-json\/wp\/v2\/posts\/105736\/revisions"}],"wp:featuredmedia":[{"embeddable":true,"href":"https:\/\/www.europesays.com\/se\/wp-json\/wp\/v2\/media\/105737"}],"wp:attachment":[{"href":"https:\/\/www.europesays.com\/se\/wp-json\/wp\/v2\/media?parent=105736"}],"wp:term":[{"taxonomy":"category","embeddable":true,"href":"https:\/\/www.europesays.com\/se\/wp-json\/wp\/v2\/categories?post=105736"},{"taxonomy":"post_tag","embeddable":true,"href":"https:\/\/www.europesays.com\/se\/wp-json\/wp\/v2\/tags?post=105736"}],"curies":[{"name":"wp","href":"https:\/\/api.w.org\/{rel}","templated":true}]}}