{"id":105738,"date":"2025-12-14T15:39:35","date_gmt":"2025-12-14T15:39:35","guid":{"rendered":"https:\/\/www.europesays.com\/se\/105738\/"},"modified":"2025-12-14T15:39:35","modified_gmt":"2025-12-14T15:39:35","slug":"masskjutning-pa-bondi-beach-i-sydney-detta-vet-vi","status":"publish","type":"post","link":"https:\/\/www.europesays.com\/se\/105738\/","title":{"rendered":"Masskjutning p\u00e5 Bondi Beach i Sydney: Detta vet vi"},"content":{"rendered":"<p>Vittnen ber\u00e4ttar, b\u00e5de f\u00f6r australiska ABC och f\u00f6r SVT, att skottlossningen ska ha p\u00e5g\u00e5tt i flera minuter. Klipp visar hur en av g\u00e4rningsm\u00e4nnen bland annat st\u00e5r p\u00e5 en g\u00e5ngbro med sitt vapen.<\/p>\n<p>Ett vittne ber\u00e4ttar f\u00f6r ABC beskriver situationen som \u201dhelvetet p\u00e5 jorden\u201d.<\/p>\n<p>\u2013 Det \u00e4r en riktad attack mot judiska australiensare. Det finns ingen plats f\u00f6r detta hat, v\u00e5ld och terrorism i v\u00e5rt land, s\u00e4ger Australiens premi\u00e4rminister Anthony Albanese p\u00e5 en presskonferens.<\/p>\n<p>Videoklipp fr\u00e5n h\u00e4ndelsen uppges visa hur den ene skytten \u00f6vermannas av en person som sliter vapnet ur hans h\u00e4nder och ist\u00e4llet riktar det mot honom.<\/p>\n<p>\u2013 Den mannen \u00e4r en sann hj\u00e4lte. Jag tvivlar inte p\u00e5 att m\u00e5nga lever i dag tack vare hans mod, s\u00e4ger delstatens premi\u00e4rminister Chris Minns.<\/p>\n","protected":false},"excerpt":{"rendered":"Vittnen ber\u00e4ttar, b\u00e5de f\u00f6r australiska ABC och f\u00f6r SVT, att skottlossningen ska ha p\u00e5g\u00e5tt i flera minuter. Klipp&hellip;\n","protected":false},"author":2,"featured_media":105739,"comment_status":"","ping_status":"","sticky":false,"template":"","format":"standard","meta":{"footnotes":""},"categories":[5],"tags":[22,23,26,27,17,21,24,25,28,29,15,16,18,34,31,33,32,30,19,20],"class_list":{"0":"post-105738","1":"post","2":"type-post","3":"status-publish","4":"format-standard","5":"has-post-thumbnail","7":"category-rubriker","8":"tag-breaking-news","9":"tag-breakingnews","10":"tag-featured-news","11":"tag-featurednews","12":"tag-headlines","13":"tag-huvudnyheter","14":"tag-latest-news","15":"tag-latestnews","16":"tag-main-news","17":"tag-mainnews","18":"tag-news","19":"tag-nyheter","20":"tag-rubriker","21":"tag-se","22":"tag-svenska","23":"tag-sverige","24":"tag-sweden","25":"tag-swedish","26":"tag-top-stories","27":"tag-topstories"},"share_on_mastodon":{"url":"https:\/\/pubeurope.com\/@se\/115718675721916585","error":""},"_links":{"self":[{"href":"https:\/\/www.europesays.com\/se\/wp-json\/wp\/v2\/posts\/105738","targetHints":{"allow":["GET"]}}],"collection":[{"href":"https:\/\/www.europesays.com\/se\/wp-json\/wp\/v2\/posts"}],"about":[{"href":"https:\/\/www.europesays.com\/se\/wp-json\/wp\/v2\/types\/post"}],"author":[{"embeddable":true,"href":"https:\/\/www.europesays.com\/se\/wp-json\/wp\/v2\/users\/2"}],"replies":[{"embeddable":true,"href":"https:\/\/www.europesays.com\/se\/wp-json\/wp\/v2\/comments?post=105738"}],"version-history":[{"count":0,"href":"https:\/\/www.europesays.com\/se\/wp-json\/wp\/v2\/posts\/105738\/revisions"}],"wp:featuredmedia":[{"embeddable":true,"href":"https:\/\/www.europesays.com\/se\/wp-json\/wp\/v2\/media\/105739"}],"wp:attachment":[{"href":"https:\/\/www.europesays.com\/se\/wp-json\/wp\/v2\/media?parent=105738"}],"wp:term":[{"taxonomy":"category","embeddable":true,"href":"https:\/\/www.europesays.com\/se\/wp-json\/wp\/v2\/categories?post=105738"},{"taxonomy":"post_tag","embeddable":true,"href":"https:\/\/www.europesays.com\/se\/wp-json\/wp\/v2\/tags?post=105738"}],"curies":[{"name":"wp","href":"https:\/\/api.w.org\/{rel}","templated":true}]}}