{"id":105740,"date":"2025-12-14T15:41:19","date_gmt":"2025-12-14T15:41:19","guid":{"rendered":"https:\/\/www.europesays.com\/se\/105740\/"},"modified":"2025-12-14T15:41:19","modified_gmt":"2025-12-14T15:41:19","slug":"graham-potter-en-perfekt-storm-for-isak-landslaget","status":"publish","type":"post","link":"https:\/\/www.europesays.com\/se\/105740\/","title":{"rendered":"Graham Potter: \u201dEn perfekt storm f\u00f6r Isak\u201d | Landslaget"},"content":{"rendered":"<p><img   alt=\"\"\/>\u00d6ppna bild i helsk\u00e4rm<\/p>\n<p>Julbord med personalen p\u00e5 f\u00f6rbundet. Redan i eftermiddag.<\/p>\n<p>Resten av julen tillbringar <a href=\"https:\/\/www.expressen.se\/tagg\/person\/graham-potter\/\" class=\"\" rel=\"nofollow noopener\" target=\"_blank\">Graham Potter<\/a> i York innan han \u00e5ker till Italien f\u00f6r att tr\u00e4ffa svenska landslagsspelare.\u00a0<\/p>\n<p>Artikeln i korthet<\/p>\n<p> Graham Potter fokuserar p\u00e5 att l\u00e4ra k\u00e4nna spelarna inf\u00f6r play off till VM mot Ukraina.<\/p>\n<p> Potter riktar kritik mot en \u00f6vertro p\u00e5 bollinnehav i ungdomsfotbollen \u2013 och oroar sig f\u00f6r f\u00f6rsvarsspelare som inte \u00e4r lika bra p\u00e5 att f\u00f6rsvara.<br \/> Han riktar st\u00f6d till Alexander Isak \u2013 som \u00e4r en av \u201dv\u00e4rldens b\u00e4sta\u201d.<\/p>\n<p>Visa mer<\/p>\n<p>S\u00e5 ser schemat ut. Matcherna kan han n\u00e4stan lika g\u00e4rna se p\u00e5 datorn. Det viktiga inf\u00f6r play-off-matcherna mot Ukraina \u00e4r att l\u00e4ra k\u00e4nna spelarna.<\/p>\n<p>En brakf\u00f6rlust mot Schweiz och ett frustrerat kryss mot Slovenien inledde epoken som f\u00f6rbundskapten \u2013 sju \u00e5r efter att han l\u00e4mnade Sverige.<\/p>\n<p>Vem \u00e4r det som ska leda Sverige genom v\u00e5rens \u00f6desmatcher?<\/p>\n<p><img loading=\"lazy\"   alt=\"\"\/><\/p>\n<p>Graham Potter \u00e4r herrlandslagets f\u00f6rbundskapten sedan november.<\/p>\n<p>Foto: OLLE SPORRONG<\/p>\n<p>\u00d6ppna bild i helsk\u00e4rm<\/p>\n<p>Mycket har h\u00e4nt.\u00a0<\/p>\n<p>Potter ler ett lurigt leende n\u00e4r han pratar om att jobba under amerikansk private equity i Chelsea. Han s\u00e4ger att hans b\u00e4sta perioder, i Brighton och \u00d6FK, har h\u00e4ngt ihop med blind tillit till hela projektet. \u00c4nd\u00e5 blir han utbuad i Brighton. Dogs abuse, s\u00e4ger han och skakar p\u00e5 huvudet.<\/p>\n<p>Fr\u00e5n svenska division tv\u00e5 till nyf\u00f6rv\u00e4rv f\u00f6r miljardbelopp. \u00c5ttondelsfinal i Champions League. I West Ham blev han en meme p\u00e5 internet.<\/p>\n<p>Och trots det.<\/p>\n<p>\u2013 Jag skulle inte s\u00e4ga att jag har f\u00f6r\u00e4ndrats s\u00e5 mycket som tr\u00e4nare.<\/p>\n<p>Potter k\u00e4nner sig mer som en del av det svenska tr\u00e4narkollektivet \u00e4n det brittiska. Han har haft rivalerna fr\u00e5n Sirius i division 1 f\u00f6r 13 \u00e5r sedan, Kim Bergstrand och Thomas Lagerl\u00f6f, p\u00e5 bes\u00f6k i England. Och h\u00f6rs regelbundet med Jimmy Thelin.<\/p>\n<p>Laget han formade i \u00d6FK hade en tydlig identitet: Bollinnehav. Men det kommer inte att forma landslaget nu. Det vill han vara tydlig med.<\/p>\n<p>\u2013 I \u00d6stersund fanns m\u00f6jligheter att skaffa sig f\u00f6rdelar med bollinnehavsbaserad fotboll och den sortens principer. Men f\u00f6r mig \u00e4r det fel att resa runt med en mall. Det handlar om spelarna och sammanhanget. Inte en tr\u00e4nares fundamentalistiska id\u00e9er.<\/p>\n<p><img loading=\"lazy\"   alt=\"\"\/><\/p>\n<p>Graham Potter intervjuas av Expressens Noa Bachner.<\/p>\n<p>Foto: OLLE SPORRONG<\/p>\n<p>\u00d6ppna bild i helsk\u00e4rm<\/p>\n<p><strong>Var du mer av ideolog d\u00e5?<\/strong><\/p>\n<p>\u2013 Kanske.<\/p>\n<p>Potter funderar h\u00f6gt p\u00e5 hur han b\u00e4st ska f\u00f6rklara sig.<\/p>\n<p>\u2013 Kanske. Man \u00e4r yngre, man \u00e4r inte lika klok, inte lika erfaren. Man har inte livets strids\u00e4rr. Men jag tror att en r\u00f6d tr\u00e5d l\u00f6per genom min karri\u00e4r.<\/p>\n<p>Annons<\/p>\n<p>Sedan kommer en utl\u00e4ggning om det d\u00e4r med bollinnehav.\u00a0<\/p>\n<p>Och vad det har gjort med allt.<\/p>\n<p>\u201dOch vi undrar varf\u00f6r vi inte f\u00e5r fram nior?\u201d<\/p>\n<p>Det \u00e4r i ungdomsfotbollen han tycker sig ha f\u00e5tt syn p\u00e5 n\u00e5got.<\/p>\n<p>Potter pratar om b\u00f6rjan p\u00e5 1990-talet, hur han och hans lagkamrater i Birmingham Citys akademi bar m\u00e5lstolpar till en n\u00e4rliggande park n\u00e4r de skulle tr\u00e4na.<\/p>\n<p>\u2013 Nu \u00e4r ungdomsspelarna i paradiset. Och med det kommer helt andra utmaningar, s\u00e4ger han.<\/p>\n<p>\u2013 Fotboll \u00e4r sig likt annars. Trender kommer och g\u00e5r. Nu vill m\u00e5nga vara n\u00e4sta Pep Guardiola. Det formar hur de arbetar med sina spelare. Men som tr\u00e4nare m\u00e5ste man alltid fokusera p\u00e5 vad som \u00e4r r\u00e4tt f\u00f6r ens spelare. Det handlar inte om din egen id\u00e9, eller ditt system, s\u00e4ger han.<\/p>\n<p><img loading=\"lazy\"   alt=\"\"\/><\/p>\n<p>Potter \u00e4r kritisk till hur tr\u00e4nare i ungdomslag tr\u00e4nar p\u00e5 att beh\u00e5lla bollen.<\/p>\n<p>Foto: OLLE SPORRONG<\/p>\n<p>\u00d6ppna bild i helsk\u00e4rm<\/p>\n<p>\u2013 Jag menar: Jag ser mina barn spela fotboll. Jag ser barn som coachas att spela ut bollen bakifr\u00e5n. Som om det \u00e4r det viktiga med fotbollen.<\/p>\n<p><strong>Och det \u00e4r det inte, l\u00e5ter det som?<\/strong><\/p>\n<p>\u2013 Allts\u00e5, det \u00e4r ett verktyg f\u00f6r att kunna g\u00f6ra m\u00e5l. I akademiv\u00e4rlden \u00e4r det h\u00e4r ett problem. Det \u00e4r en stor debatt i England. Folk ser v\u00e4rldens b\u00e4sta spelare g\u00f6ra en sak och t\u00e4nker: Bra! Det h\u00e4r ska vi g\u00f6ra. Men de f\u00f6rst\u00e5r inte varf\u00f6r de g\u00f6r det.<\/p>\n<p>Potter leder tanken vidare. Han pratar om m\u00e5lvakter som har en enda uppgift: Att spela ut bollen till sina mittbackar \u2013 medan den omarkerade anfallaren l\u00e4ngst fram v\u00e4ntar p\u00e5 bollen f\u00f6rg\u00e4ves.\u00a0<\/p>\n<p>\u2013 Och vi undrar varf\u00f6r det inte dyker upp n\u00e5gra nior l\u00e4ngre, s\u00e4ger han.<\/p>\n<p>\u2013 F\u00f6r mig \u00e4r det en st\u00e4ndig kamp att v\u00e4rja sig mot trender och f\u00f6rs\u00f6ka koncentrera sig p\u00e5 vilket spels\u00e4tt som \u00e4r b\u00e4st f\u00f6r stunden.<\/p>\n<p><strong>Vi har en diskussion i Sverige om att vi inte f\u00e5r fram f\u00f6rsvarsspelare som i huvudsak \u00e4r bra p\u00e5 att f\u00f6rsvara l\u00e4ngre. Den p\u00e5g\u00e5r \u00e4ven i Norge vet jag.<\/strong><\/p>\n<p>\u2013 I England ocks\u00e5.<\/p>\n<p>F\u00f6rbundskaptenen avbryter.<\/p>\n<p>\u2013 Vad v\u00e4rderas? Vilken \u00e4r trenden? Vad \u00e4r det sexiga? Mittbackar som \u00e4r bra i uppspelsfasen och kan spela genom linjer. F\u00f6r att det finns ett stort fokus p\u00e5 bollinnehav. D\u00e5 blir det viktigare \u00e4n en mittback som kan bryta bollen, tackla, f\u00f6rst\u00e5r hur man ska positionera kroppen f\u00f6r att vinna dueller. Saker som \u00e4r riktigt viktiga n\u00e4r man funderar p\u00e5 hur man utvecklar spelare, s\u00e4ger han.<\/p>\n<p>Annons<\/p>\n<p>\u2013 Jag ser tr\u00e4nare som anv\u00e4nder akademiverksamhet f\u00f6r att ta sig fram sj\u00e4lva. Man g\u00f6r saker f\u00f6r att f\u00f6rb\u00e4ttra sig sj\u00e4lv, inte spelarna.<\/p>\n<p>\u201dF\u00f6r\u00e4ndrar inte min v\u00e4nskap med Kindberg\u201d<\/p>\n<p>N\u00e4r Potter ledde landslaget i november fick han s\u00e4llskap av en v\u00e4n i Stockholm.<\/p>\n<p>Daniel Kindberg bes\u00f6kte honom p\u00e5 Scandic Park enligt Expressens uppgifter, vilket f\u00f6rbundskaptenen bekr\u00e4ftar.<\/p>\n<p>\u00d6FK:s f\u00f6rre ordf\u00f6rande d\u00f6mdes 2022 till ett l\u00e4ngre f\u00e4ngelsestraff f\u00f6r mutbrott. Hovr\u00e4tten s\u00e4nkte under h\u00f6sten strafftiden till ett \u00e5r och \u00e5tta m\u00e5nader. Kindberg har \u00f6verklagat till H\u00f6gsta domstolen.<\/p>\n<p>\u2013 Jag litar p\u00e5 systemet, jag litar p\u00e5 svensk lag. Det \u00e4r inte f\u00f6r mig att s\u00e4ga n\u00e5got om, s\u00e4ger Potter.<\/p>\n<p>\u2013 Men det f\u00f6r\u00e4ndrar inte min v\u00e4nskap med honom. Han \u00e4r min v\u00e4n. Utan honom hade jag inte varit d\u00e4r jag \u00e4r. Han \u00e4r en unik karakt\u00e4r och person.<\/p>\n<p><img loading=\"lazy\"   alt=\"\"\/><\/p>\n<p>Potter och Kindberg efter en Europa League-match borta mot Hertha Berlin, 2017.<\/p>\n<p>Foto: PETTER ARVIDSON \/ BILDBYR\u00c5N<\/p>\n<p>\u00d6ppna bild i helsk\u00e4rm<\/p>\n<p>Samlingen gjorde tydligt att f\u00f6rbundskaptenen har mycket att t\u00e4nka p\u00e5 inf\u00f6r play-off-spelet i mars.<\/p>\n<p>Att det svenska herrlandslaget l\u00e4cker m\u00e5l \u00e4r ett av problemen som beh\u00f6ver \u00e5tg\u00e4rdas om det ska bli n\u00e5got VM n\u00e4sta sommar. Ett annat existerar i andra \u00e4nden av planen.\u00a0<\/p>\n<p>Superstj\u00e4rnorna Alexander Isak (tv\u00e5 m\u00e5l) och Viktor Gy\u00f6keres (sex m\u00e5l) har haft problem med m\u00e5lproduktionen under h\u00f6sten.<\/p>\n<p>Sommaren inneh\u00f6ll konfliktfyllda, utdragna \u00f6verg\u00e5ngshistorier f\u00f6r b\u00e5da tv\u00e5. Sedan f\u00f6ljde diskussioner om spelarmakt.<\/p>\n<p>\u2013 Det handlar inte bara om det. Klubbarna spelar sin roll ocks\u00e5, s\u00e4ger Potter.<\/p>\n<p>\u2013 Systemet \u00e4r utformat p\u00e5 ett s\u00e4tt som g\u00f6r att agenterna tj\u00e4nar enorma pengar. Det ligger ofta i n\u00e5gons intresse att bete sig&#8230;jag ska inte s\u00e4ga inkompetent, men det \u00e4r s\u00e5 mycket pengar involverade att om saker inte g\u00f6rs perfekt, d\u00e5 kan m\u00e4nniskor tj\u00e4na p\u00e5 det, s\u00e4ger han.<\/p>\n<p><img loading=\"lazy\"   alt=\"\"\/><\/p>\n<p>Alexander Isak och Graham Potter under samlingen i november<\/p>\n<p>Foto: JOEL MARKLUND \/ BILDBYR\u00c5N<\/p>\n<p>\u00d6ppna bild i helsk\u00e4rm<\/p>\n<p>Han har haft kontakt med b\u00e5da spelarna och f\u00f6rs\u00f6kt tr\u00e4ffa Isak, men inte hittat tid i Liverpools schema.\u00a0<\/p>\n<p>\u2013 Jag har varit och tittat p\u00e5 honom. Vi har pratat p\u00e5 telefon. Han m\u00e5r bra. Han \u00e4r en smart kille. Men han lever i en v\u00e4rld utan alla perspektiv. Han m\u00e5ste ta sig igenom det, s\u00e4ger han.<\/p>\n<p>Perspektiven som Potter efterlyser \u00e4r flera.<\/p>\n<p>\u2013 Antagandet \u00e4r att Alex ska forts\u00e4tta vara samma spelare som i Newcastle. Det \u00e4r bristf\u00e4lligt att t\u00e4nka s\u00e5. Alexander drog mycket nytta av att spela i Newcastle. Alla spelare d\u00e4r f\u00f6rstod vad han var bra p\u00e5, och han f\u00f6rstod dem. Han var perfekt f\u00f6r deras spels\u00e4tt. Det gjorde honom till en av v\u00e4rldens b\u00e4sta av sin sort, s\u00e4ger han.<\/p>\n<p>Annons<\/p>\n<p>I somras investerade Liverpool tungt i Isak, Florian Wirtz, Hugo Ekitik\u00e9 och fler andra spelare.<\/p>\n<p>\u00c4ven d\u00e4r kan en f\u00f6rklaring till h\u00f6stens problem ligga, tror Potter.\u00a0<\/p>\n<p>\u2013 Jag har erfarenheter av vad som h\u00e4nder n\u00e4r man g\u00f6r det. Pressen p\u00e5 alla \u00e5ker upp hit.<\/p>\n<p>Han h\u00f6jer handen f\u00f6r att illustrera.<\/p>\n<p>\u2013 Wirtz \u00e4r inte p\u00e5 niv\u00e5n m\u00e5nga f\u00f6rv\u00e4ntar sig heller. Det handlar inte bara om Alexander. Om det bara var s\u00e5 enkelt att man spenderar fyra hundra miljoner pund och s\u00e5 \u00e4r allt klart, d\u00e5 skulle fler g\u00f6ra det. \u00a0<\/p>\n<p>\u2013 Alex har haft det motsatta mot vad en spelare vill ha. Ingen f\u00f6rs\u00e4song. Skada. Han vill komma i g\u00e5ng men kan inte. F\u00f6rlorad tid f\u00f6r tr\u00e4ning, speltid och f\u00f6rberedelser. L\u00e4gg till pressen och gapet mellan f\u00f6rv\u00e4ntningarna och verkligheten. Det \u00e4r d\u00e4r olycka existerar. Det \u00e4r som en perfekt storm.<\/p>\n<p><img loading=\"lazy\"   alt=\"\"\/> <\/p>\n<p>Foto: OLLE SPORRONG<\/p>\n<p>\u00d6ppna bild i helsk\u00e4rm<\/p>\n<p>Den 26:e mars spelar Sverige mot Ukraina i Valencia.<\/p>\n<p>Seger \u2013 och VM \u00e4r bara en match bort. F\u00f6rlust \u2013 och sommaren \u00e4r inst\u00e4lld. Ingen vet heller vad som h\u00e4nder med f\u00f6rbundskaptenen.<\/p>\n<p>Kulusevski borde vara tillbaka, s\u00e4ger Potter, men han vill inte zooma in f\u00f6r mycket p\u00e5 sina stj\u00e4rnspelare. Andra saker blir avg\u00f6rande.<\/p>\n<p>\u2013 Jag kan f\u00f6rst\u00e5 att f\u00f6rv\u00e4ntningarna p\u00e5 det h\u00e4r laget \u00e4r h\u00f6ga, s\u00e4ger han.<\/p>\n<p>\u2013 Vi kan inte klaga p\u00e5 spelarnas kvalitet. Men en samling av talangfulla fotbollsspelare vinner inte matcher. Vi m\u00e5ste hitta ett s\u00e4tt att g\u00f6ra det tillsammans. Potential r\u00e4cker inte. Det har vi sett det i det h\u00e4r kvalet.<\/p>\n","protected":false},"excerpt":{"rendered":"\u00d6ppna bild i helsk\u00e4rm Julbord med personalen p\u00e5 f\u00f6rbundet. Redan i eftermiddag. Resten av julen tillbringar Graham Potter&hellip;\n","protected":false},"author":2,"featured_media":105741,"comment_status":"","ping_status":"","sticky":false,"template":"","format":"standard","meta":{"footnotes":""},"categories":[68],"tags":[1336,4242,34,129,146,111,110,31,33,32,30],"class_list":{"0":"post-105740","1":"post","2":"type-post","3":"status-publish","4":"format-standard","5":"has-post-thumbnail","7":"category-sport","8":"tag-organization-sveriges-herrlandslag-i-fotboll","9":"tag-person-graham-potter","10":"tag-se","11":"tag-sections-fotboll","12":"tag-sections-landslaget","13":"tag-sport","14":"tag-sports","15":"tag-svenska","16":"tag-sverige","17":"tag-sweden","18":"tag-swedish"},"share_on_mastodon":{"url":"https:\/\/pubeurope.com\/@se\/115718683595921229","error":""},"_links":{"self":[{"href":"https:\/\/www.europesays.com\/se\/wp-json\/wp\/v2\/posts\/105740","targetHints":{"allow":["GET"]}}],"collection":[{"href":"https:\/\/www.europesays.com\/se\/wp-json\/wp\/v2\/posts"}],"about":[{"href":"https:\/\/www.europesays.com\/se\/wp-json\/wp\/v2\/types\/post"}],"author":[{"embeddable":true,"href":"https:\/\/www.europesays.com\/se\/wp-json\/wp\/v2\/users\/2"}],"replies":[{"embeddable":true,"href":"https:\/\/www.europesays.com\/se\/wp-json\/wp\/v2\/comments?post=105740"}],"version-history":[{"count":0,"href":"https:\/\/www.europesays.com\/se\/wp-json\/wp\/v2\/posts\/105740\/revisions"}],"wp:featuredmedia":[{"embeddable":true,"href":"https:\/\/www.europesays.com\/se\/wp-json\/wp\/v2\/media\/105741"}],"wp:attachment":[{"href":"https:\/\/www.europesays.com\/se\/wp-json\/wp\/v2\/media?parent=105740"}],"wp:term":[{"taxonomy":"category","embeddable":true,"href":"https:\/\/www.europesays.com\/se\/wp-json\/wp\/v2\/categories?post=105740"},{"taxonomy":"post_tag","embeddable":true,"href":"https:\/\/www.europesays.com\/se\/wp-json\/wp\/v2\/tags?post=105740"}],"curies":[{"name":"wp","href":"https:\/\/api.w.org\/{rel}","templated":true}]}}