{"id":105742,"date":"2025-12-14T15:44:07","date_gmt":"2025-12-14T15:44:07","guid":{"rendered":"https:\/\/www.europesays.com\/se\/105742\/"},"modified":"2025-12-14T15:44:07","modified_gmt":"2025-12-14T15:44:07","slug":"starka-reaktioner-efter-granskning-om-hundplagarna-for-javligt","status":"publish","type":"post","link":"https:\/\/www.europesays.com\/se\/105742\/","title":{"rendered":"Starka reaktioner efter granskning om hundpl\u00e5garna: \u201dF\u00f6r j\u00e4vligt\u201d"},"content":{"rendered":"<p>Expressens avsl\u00f6jande om hur hundar misshandlas och pl\u00e5gas under tr\u00e4ning har s\u00e4nt chockv\u00e5gor genom F\u00f6rsvarsmakten och brukshundklubben.<\/p>\n<p>Efter granskningen v\u00e4xer ilskan och kraven p\u00e5 ansvar.<\/p>\n<p>Nu kr\u00e4ver drygt 800 personer ordf\u00f6randen i brukshundklubben, Christer Erixons avg\u00e5ng.<\/p>\n<p>Anst\u00e4llda inom F\u00f6rsvarsmaktens hundtj\u00e4nstenhet har f\u00e5tt tills\u00e4gelse att inte uttala sig.<\/p>\n<p>\u201dDet h\u00e4r \u00e4r ett djurpl\u00e5geri\u201d<img loading=\"lazy\"   alt=\"\"\/><\/p>\n<p>\u201dDe tr\u00e4nar hundarna p\u00e5 platser ingen ser\u201d, ber\u00e4ttade en tidigare dress\u00f6r. Bilden visar en hund som rastas i skrittmaskin p\u00e5 hundtj\u00e4nstenheten i M\u00e4rsta.<\/p>\n<p>Foto: Kristoffer Olofsson\/F\u00f6rsvarsmakten<\/p>\n<p>\u00d6ppna bild i helsk\u00e4rm<img loading=\"lazy\"   alt=\"\"\/><\/p>\n<p>En av dress\u00f6rerna p\u00e5 hundtj\u00e4nstenheten la ut en bild p\u00e5 tr\u00e4ning med en hund med elhalsband.<\/p>\n<p>\u00d6ppna bild i helsk\u00e4rm<\/p>\n<p>Expressens reportageserie \u201dHundpl\u00e5garna\u201d har f\u00e5tt stor uppm\u00e4rksamhet och m\u00e5nga \u00e4r chockade efter avsl\u00f6jandet om hur hundar inom <a href=\"https:\/\/www.expressen.se\/tagg\/organization\/forsvarsmakten\/\" class=\"\" rel=\"nofollow noopener\" target=\"_blank\">F\u00f6rsvarsmakten<\/a> och brukshundklubben far illa.<\/p>\n<p>Redaktionen har f\u00e5tt hundratals mejl fr\u00e5n arga l\u00e4sare och reaktionerna p\u00e5 sociala medier har varit kraftiga.<\/p>\n<p>\u201dDet f\u00e5r aldrig f\u00f6rekomma\u201d<\/p>\n<p>I reportaget om hur hundarna p\u00e5 f\u00f6rsvarets hundtj\u00e4nstenhet blir slagna i magen med k\u00e4ngor, f\u00e5r ligga i sin egen avf\u00f6ring och ibland nekas medicinering uppr\u00f6rde m\u00e5nga l\u00e4sare.<\/p>\n<p>\u201dDetta m\u00e5ste h\u00e5rdgranskas. Det f\u00e5r aldrig f\u00f6rekomma n\u00e5gon form av misshandel och v\u00e5ld mot djur oavsett. Jag blir helt rabiat n\u00e4r jag l\u00e4ser s\u00e5dant\u201d, skriver en l\u00e4sare p\u00e5 Facebook.<\/p>\n<p>En annan l\u00e4sare skriver: \u201dS\u00e5 nu kan vi konstatera att F\u00f6rsvarsmakten st\u00e5r \u00f6ver lagen. Djurmisshandel \u00e4r kriminellt och ska polisanm\u00e4las och lagf\u00f6ras.\u201d<\/p>\n<p><img loading=\"lazy\"   alt=\"\"\/><\/p>\n<p>P\u00e5 F\u00f6rsvarsmakten vill man inte kommentera \u00e4rendet, s\u00e5 l\u00e4nge utredningen av hundverksamheten p\u00e5g\u00e5r.<\/p>\n<p>Foto: Janerik Henriksson\/TT NYHETSBYR\u00c5N<\/p>\n<p>\u00d6ppna bild i helsk\u00e4rm<\/p>\n<p>Expressen kunde ocks\u00e5 i reportaget ber\u00e4tta om att en dress\u00f6r i november m\u00e5nad i \u00e5r sa upp sig fr\u00e5n sin anst\u00e4llning som dress\u00f6r p\u00e5 F\u00f6rsvarsmaktens hundtj\u00e4nstenhet, FHTE, och gjorde en anm\u00e4lan.<\/p>\n<p>I anm\u00e4lan framgick hur flera hundar p\u00e5 FHTE blev rappade med koppel, slagna med knytn\u00e4var i ansiktena, sl\u00e4ngda i diken och upph\u00e4ngda i sina halsband.<\/p>\n<p>Anm\u00e4lan resulterade i att, FIHM, f\u00f6rsvarsinspekt\u00f6ren f\u00f6r h\u00e4lsa och milj\u00f6, p\u00e5b\u00f6rjade en utredning av hundverksamheten.<\/p>\n<p>F\u00e5r inte prata med journalister<\/p>\n<p>P\u00e5 F\u00f6rsvarsmakten vill man inte, s\u00e5 l\u00e4nge utredningen p\u00e5g\u00e5r, kommentera \u00e4rendet.<\/p>\n<p>En person med insyn i verksamheten ber\u00e4ttar dock att de anst\u00e4llda inom F\u00f6rsvarsmaktens hundtj\u00e4nstenhet f\u00e5tt tills\u00e4gelse om att inte prata med medier efter Expressens granskning.<\/p>\n<p>\u2013 Det gick ut ett meddelande till alla anst\u00e4llda att de inte f\u00e5r prata med n\u00e5gon journalist utan endast h\u00e4nvisa till pressansvarig. Meddelandet gick ut via de anst\u00e4lldas Signal-chatt, s\u00e4ger personen till Expressen.\u00a0<\/p>\n<p>Stor uppm\u00e4rksamhet fick ocks\u00e5 reportaget om de tv\u00e5 hundf\u00f6rarna vid hemv\u00e4rnet, Nicklas Krona och Kenneth Karlsson, som blev uteslutna efter att de larmat om ett hundbef\u00e4l som misshandlat en sch\u00e4ferhund.<\/p>\n<p><img loading=\"lazy\"   alt=\"\"\/><\/p>\n<p>Nicklas Krona och Kenneth Karlsson larmade om en pl\u00e5gad hund \u2013 och blev uteslutna.<\/p>\n<p>Foto: HENRIK JANSSON<\/p>\n<p>\u00d6ppna bild i helsk\u00e4rm<\/p>\n<p>Nicklas Krona sa i protest upp sig och har s\u00f6kt sig till andra bataljoner men d\u00e5 blivit stoppad. Hans kollega Kenneth Karlsson fick sparken.<\/p>\n<p>\u201dF\u00f6r j\u00e4vligt att det finns s\u00e5na som f\u00e5r kalla sig hundf\u00f6rare och behandla hundar p\u00e5 det d\u00e4r viset! Men riktigt bra att det framkommer, hoppas de som gjorde anm\u00e4lan f\u00e5r tillbaka sina tj\u00e4nster\u201d, skriver en person p\u00e5 Facebook.<\/p>\n<p>Annons<\/p>\n<p>\u201dProfilerade och medievana hundtr\u00e4nare \u00e4r tysta. Expressen utmanar starka krafter med sina artiklar\u201d, skriver en annan person.<\/p>\n<p>\u00c4ven inom brukshundklubbens ledning r\u00e5der det tystnad efter avsl\u00f6jandet om att medlemmar anv\u00e4nder b\u00e5de stackel och elhalsband. Dessa personer \u00e4r i flera fall ocks\u00e5 kopplade direkt eller indirekt till F\u00f6rsvarsmakten.<\/p>\n<p>Ska g\u00f6ra genomlysning<\/p>\n<p>Brukshundklubben skriver i ett pressmeddelande:<\/p>\n<p>\u201dDen typ av olaglig och otill\u00e5ten utrustning som beskrivs i Expressens granskning har ingen plats inom v\u00e5r organisation. Vi arbetar l\u00e5ngsiktigt och systematiskt f\u00f6r att f\u00f6rebygga otill\u00e5tna metoder genom utbildning av instrukt\u00f6rer, l\u00e4rare och funktion\u00e4rer samt genom kontinuerlig uppf\u00f6ljning av v\u00e5r verksamhet. \u00a0Tidigare i h\u00f6stas s\u00e5g F\u00f6rbundsstyrelsen att det finns behov av att ytterligare diskutera etik inom hundtr\u00e4ning. Svenska Brukshundklubben kommer \u00e4ven att g\u00f6ra en genomlysning av v\u00e5r verksamhet f\u00f6r att s\u00e4kerst\u00e4lla att den h\u00e5ller den standard vi kr\u00e4ver.\u201d<\/p>\n<p><img loading=\"lazy\"   alt=\"\"\/><\/p>\n<p>Medlemmar i Brukshundklubben har tagit initiativ till att kr\u00e4va att ordf\u00f6randen Christer Erixon ska avg\u00e5.<\/p>\n<p>Foto: Svenska Brukshundklubben<\/p>\n<p>\u00d6ppna bild i helsk\u00e4rm<\/p>\n<p>Det har ocks\u00e5 h\u00f6jts r\u00f6ster om att den nuvarande ordf\u00f6randen i Brukshundklubben, \u00f6verstel\u00f6jtnant Christer Erixon b\u00f6r avg\u00e5, trots att han redan meddelat att han till n\u00e4sta \u00e5r inte t\u00e4nker st\u00e4lla upp f\u00f6r omval.<\/p>\n<p>Drygt 800 personer har p\u00e5 sajten slutupp.se skrivit under att de \u00f6nskar hans avg\u00e5ng.<\/p>\n<p>\u201dOavsett hur erfaren n\u00e5gon \u00e4r kan p\u00e5st\u00e5dd expertis aldrig sl\u00e4ta \u00f6ver eller legitimera tr\u00e4ningsmetoder som riskerar att skada hundar\u201d, skriver Ellen Johansson Wiss och Louise Lind \u2013 b\u00e5da medlemmar i Brukshundklubben \u2013 som tagit initiativet till att sparka Erixon.<\/p>\n<p>\u2013 Det var Expressens avsl\u00f6jande som fick oss att kr\u00e4va hans avg\u00e5ng, s\u00e4ger Ellen Johansson Wiss.<\/p>\n<p><img loading=\"lazy\"   alt=\"\"\/><\/p>\n<p>\u201dDet f\u00e5r inte r\u00e5da n\u00e5gon tvekan om att dressyrpolicys, etiska regler, best\u00e4mmelser och inte minst svensk lagstiftning g\u00e4ller\u201d, s\u00e4ger Fredrik Steen.<\/p>\n<p>Foto: SVEN LINDWALL<\/p>\n<p>\u00d6ppna bild i helsk\u00e4rm\u201dSka sj\u00e4lvklart vara v\u00e4lm\u00e5ende\u201d<\/p>\n<p>Hundexperten Fredrik Steen \u00e4r suppleant i Svenska Kennelklubbens centralstyrelse:<\/p>\n<p>\u2013 Expressens granskning visar att organisationen har mycket att g\u00f6ra. Det f\u00e5r inte r\u00e5da n\u00e5gon tvekan om att dressyrpolicys, etiska regler, best\u00e4mmelser och inte minst svensk lagstiftning g\u00e4ller. Detta m\u00e5ste vi alla st\u00e5 upp f\u00f6r, den enskilda medlemmen till h\u00f6gsta tj\u00e4nsteman och f\u00f6rtroendevald, s\u00e4ger Steen.<\/p>\n<p>Han s\u00e4ger ocks\u00e5:\u00a0<\/p>\n<p>\u2013 V\u00e5ra skyddshundar ska sj\u00e4lvklart vara v\u00e4lm\u00e5ende och trygga i v\u00e5rt samh\u00e4lle, de hundar som inte \u00e4r det ska inte tr\u00e4nas i skydd. Vi har kontrollfunktioner, vi har regler, vi har best\u00e4mmelser och vi har policys. Om dessa hade f\u00f6ljts och hedrats, d\u00e5 hade inget av det Expressen skrivit om h\u00e4nt.<\/p>\n<p>Expressen har s\u00f6kt Christer Erixon.<\/p>\n<p><img loading=\"lazy\"   alt=\"\"\/>\u00d6ppna bild i helsk\u00e4rm<\/p>\n<p><strong>Expressens gr\u00e4vande reporter<\/strong> Michael Syr\u00e9n granskar i flera reportage hur hundar behandlas inom F\u00f6rsvarsmakten, Svenska brukshundklubben och Svenska kennelklubben.<br \/><strong>Reportern har pratat<\/strong> med ett 30-tal personer inom hundv\u00e4rlden \u2013 i flera fall kopplade till f\u00f6rsvaret. Samtliga av dessa personer vittnar om att en elit av tr\u00e4nare och t\u00e4vlande anv\u00e4nder sig av olagliga tr\u00e4ningsmetoder som elhalsband och stackel, ett halsband med metallpiggar som tr\u00e4nger in i hundens hals.<br \/><strong>Granskningen bygger ocks\u00e5<\/strong> p\u00e5 dokument och anm\u00e4lningar och visar att det r\u00e5der en tystnadskultur b\u00e5de inom F\u00f6rsvarsmakten och i brukshundklubben. F\u00e5 v\u00e5gar anm\u00e4la d\u00e5 man \u00e4r r\u00e4dd f\u00f6r konsekvenserna.<\/p>\n","protected":false},"excerpt":{"rendered":"Expressens avsl\u00f6jande om hur hundar misshandlas och pl\u00e5gas under tr\u00e4ning har s\u00e4nt chockv\u00e5gor genom F\u00f6rsvarsmakten och brukshundklubben. Efter&hellip;\n","protected":false},"author":2,"featured_media":105743,"comment_status":"","ping_status":"","sticky":false,"template":"","format":"standard","meta":{"footnotes":""},"categories":[65],"tags":[72,70,71,11350,48,34,154,31,33,32,30,2061],"class_list":{"0":"post-105742","1":"post","2":"type-post","3":"status-publish","4":"format-standard","5":"has-post-thumbnail","7":"category-ekonomi","8":"tag-business","9":"tag-economy","10":"tag-ekonomi","11":"tag-newsstory-hundplagarna","12":"tag-organization-forsvarsmakten","13":"tag-se","14":"tag-sections-sverige","15":"tag-svenska","16":"tag-sverige","17":"tag-sweden","18":"tag-swedish","19":"tag-topic-djurplageri"},"share_on_mastodon":{"url":"https:\/\/pubeurope.com\/@se\/115718695425462675","error":""},"_links":{"self":[{"href":"https:\/\/www.europesays.com\/se\/wp-json\/wp\/v2\/posts\/105742","targetHints":{"allow":["GET"]}}],"collection":[{"href":"https:\/\/www.europesays.com\/se\/wp-json\/wp\/v2\/posts"}],"about":[{"href":"https:\/\/www.europesays.com\/se\/wp-json\/wp\/v2\/types\/post"}],"author":[{"embeddable":true,"href":"https:\/\/www.europesays.com\/se\/wp-json\/wp\/v2\/users\/2"}],"replies":[{"embeddable":true,"href":"https:\/\/www.europesays.com\/se\/wp-json\/wp\/v2\/comments?post=105742"}],"version-history":[{"count":0,"href":"https:\/\/www.europesays.com\/se\/wp-json\/wp\/v2\/posts\/105742\/revisions"}],"wp:featuredmedia":[{"embeddable":true,"href":"https:\/\/www.europesays.com\/se\/wp-json\/wp\/v2\/media\/105743"}],"wp:attachment":[{"href":"https:\/\/www.europesays.com\/se\/wp-json\/wp\/v2\/media?parent=105742"}],"wp:term":[{"taxonomy":"category","embeddable":true,"href":"https:\/\/www.europesays.com\/se\/wp-json\/wp\/v2\/categories?post=105742"},{"taxonomy":"post_tag","embeddable":true,"href":"https:\/\/www.europesays.com\/se\/wp-json\/wp\/v2\/tags?post=105742"}],"curies":[{"name":"wp","href":"https:\/\/api.w.org\/{rel}","templated":true}]}}