{"id":105760,"date":"2025-12-14T16:04:08","date_gmt":"2025-12-14T16:04:08","guid":{"rendered":"https:\/\/www.europesays.com\/se\/105760\/"},"modified":"2025-12-14T16:04:08","modified_gmt":"2025-12-14T16:04:08","slug":"man-pa-elsparkcykel-pakord-av-sparvagn-i-goteborg","status":"publish","type":"post","link":"https:\/\/www.europesays.com\/se\/105760\/","title":{"rendered":"Man p\u00e5 elsparkcykel p\u00e5k\u00f6rd av sp\u00e5rvagn i G\u00f6teborg"},"content":{"rendered":"<p>En man i 50-\u00e5rs\u00e5ldern \u00e4r allvarligt skadad efter att ha blivit p\u00e5k\u00f6rd av en sp\u00e5rvagn vid Prinsgatan i G\u00f6teborg, rapporterar P4 G\u00f6teborg och G\u00f6teborgs-Posten.<\/p>\n<p>Mannen ska enligt GP ha f\u00e4rdats p\u00e5 en elsparkcykel och var vaken och talbar direkt efter olyckan.<\/p>\n<p>\u2013 Vi har uppr\u00e4ttat en anm\u00e4lan om v\u00e5rdsl\u00f6shet i trafik och elsparkcykeln \u00e4r tagen i beslag f\u00f6r teknisk unders\u00f6kning, s\u00e4ger Jon Franz\u00e9n, vakthavande bef\u00e4l vid polisen Storg\u00f6teborg, till tidningen.<\/p>\n<p>Omni \u00e4r politiskt obundna och oberoende. Vi str\u00e4var efter att ge fler perspektiv p\u00e5 nyheterna. Har du fr\u00e5gor eller synpunkter kring v\u00e5r rapportering? <a href=\"https:\/\/omni.se\/man-pa-elsparkcykel-pakord-av-sparvagn-i-goteborg\/a\/mailto:redaktion@omni.se\" class=\"ArticleActions_contactLink__W2F1M\" rel=\"nofollow noopener\" target=\"_blank\">Kontakta redaktionen<\/a><\/p>\n","protected":false},"excerpt":{"rendered":"En man i 50-\u00e5rs\u00e5ldern \u00e4r allvarligt skadad efter att ha blivit p\u00e5k\u00f6rd av en sp\u00e5rvagn vid Prinsgatan i&hellip;\n","protected":false},"author":2,"featured_media":105761,"comment_status":"","ping_status":"","sticky":false,"template":"","format":"standard","meta":{"footnotes":""},"categories":[5],"tags":[22,23,26,27,1083,17,21,24,25,28,29,15,16,18,34,31,33,32,30,19,20,1084],"class_list":{"0":"post-105760","1":"post","2":"type-post","3":"status-publish","4":"format-standard","5":"has-post-thumbnail","7":"category-rubriker","8":"tag-breaking-news","9":"tag-breakingnews","10":"tag-featured-news","11":"tag-featurednews","12":"tag-goteborg","13":"tag-headlines","14":"tag-huvudnyheter","15":"tag-latest-news","16":"tag-latestnews","17":"tag-main-news","18":"tag-mainnews","19":"tag-news","20":"tag-nyheter","21":"tag-rubriker","22":"tag-se","23":"tag-svenska","24":"tag-sverige","25":"tag-sweden","26":"tag-swedish","27":"tag-top-stories","28":"tag-topstories","29":"tag-vastra-gotalands-lan"},"share_on_mastodon":{"url":"https:\/\/pubeurope.com\/@se\/115718774005023905","error":""},"_links":{"self":[{"href":"https:\/\/www.europesays.com\/se\/wp-json\/wp\/v2\/posts\/105760","targetHints":{"allow":["GET"]}}],"collection":[{"href":"https:\/\/www.europesays.com\/se\/wp-json\/wp\/v2\/posts"}],"about":[{"href":"https:\/\/www.europesays.com\/se\/wp-json\/wp\/v2\/types\/post"}],"author":[{"embeddable":true,"href":"https:\/\/www.europesays.com\/se\/wp-json\/wp\/v2\/users\/2"}],"replies":[{"embeddable":true,"href":"https:\/\/www.europesays.com\/se\/wp-json\/wp\/v2\/comments?post=105760"}],"version-history":[{"count":0,"href":"https:\/\/www.europesays.com\/se\/wp-json\/wp\/v2\/posts\/105760\/revisions"}],"wp:featuredmedia":[{"embeddable":true,"href":"https:\/\/www.europesays.com\/se\/wp-json\/wp\/v2\/media\/105761"}],"wp:attachment":[{"href":"https:\/\/www.europesays.com\/se\/wp-json\/wp\/v2\/media?parent=105760"}],"wp:term":[{"taxonomy":"category","embeddable":true,"href":"https:\/\/www.europesays.com\/se\/wp-json\/wp\/v2\/categories?post=105760"},{"taxonomy":"post_tag","embeddable":true,"href":"https:\/\/www.europesays.com\/se\/wp-json\/wp\/v2\/tags?post=105760"}],"curies":[{"name":"wp","href":"https:\/\/api.w.org\/{rel}","templated":true}]}}