{"id":105772,"date":"2025-12-14T16:21:30","date_gmt":"2025-12-14T16:21:30","guid":{"rendered":"https:\/\/www.europesays.com\/se\/105772\/"},"modified":"2025-12-14T16:21:30","modified_gmt":"2025-12-14T16:21:30","slug":"lararna-lade-allt-pa-mig","status":"publish","type":"post","link":"https:\/\/www.europesays.com\/se\/105772\/","title":{"rendered":"L\u00e4rarna lade allt p\u00e5 mig"},"content":{"rendered":"<p>Rekordskadest\u00e5nd f\u00f6r Campus Manilla efter mobbning av annan elev<a data-test-tag=\"internal-link\" href=\"https:\/\/www.aftonbladet.se\/av\/oskar-forsberg\" class=\"hyperion-css-13ns1rr\" rel=\"nofollow noopener\" target=\"\" aria-label=\"Se alla artiklar av Oskar Forsberg\"><img decoding=\"async\" class=\"image-asset hyperion-css-n6kkq1\" data-test-tag=\"image-asset\" src=\"https:\/\/www.europesays.com\/se\/wp-content\/uploads\/2025\/12\/1765729288_957_a3a72f59-a972-44b2-b571-2462f5ee274a\"  alt=\"\"  loading=\"lazy\" fetchpriority=\"auto\" style=\"aspect-ratio:1900 \/ 1900\"\/><\/a><\/p>\n<p class=\"boxtextgrotesk-root_baa6 hyperion-css-7pajle\">Publicerad 2025-12-13 20.24<\/p>\n<p>share-arrowDela<\/p>\n<p>unsaveSpara<\/p>\n<p>expand-left<\/p>\n<p>helsk\u00e4rm<img decoding=\"async\" class=\"image-asset hyperion-css-u06ts1\" data-test-tag=\"image-asset\" src=\"https:\/\/www.europesays.com\/se\/wp-content\/uploads\/2025\/12\/8fa25f11-97d0-4b43-aa84-3b809b061b1a\"  alt=\"17-\u00e5riga Sara och hennes mamma Karin ber\u00e4ttar om tiden p\u00e5 Campus Manilla.\"  loading=\"eager\" fetchpriority=\"high\" style=\"aspect-ratio:1900 \/ 1016\"\/>17-\u00e5riga Sara och hennes mamma Karin ber\u00e4ttar om tiden p\u00e5 Campus Manilla. Foto: Peter Wixtr\u00f6m<\/p>\n<p class=\"hyperion-css-1shl3oz\" data-test-tag=\"lead-text\">Campus Manilla har kunglig glans \u2013 men Sara, 17, behandlades inte som n\u00e5gon prinsessa.<\/p>\n<p class=\"hyperion-css-1shl3oz\" data-test-tag=\"lead-text\">Hon blev utst\u00f6tt och utfryst.<\/p>\n<p class=\"hyperion-css-1shl3oz\" data-test-tag=\"lead-text\">\u2013 L\u00e4rarna lade dessutom allt p\u00e5 mig, s\u00e4ger hon.<\/p>\n<ul class=\"hyperion-css-e9gx76\" data-test-tag=\"list\">\n<li class=\"hyperion-css-1d843yr\">Campus Manilla har \u00e5lagts att betala ett rekordh\u00f6gt skadest\u00e5nd p\u00e5 180 000 kronor till en elev som systematiskt utsatts f\u00f6r mobbning utan adekvat hantering fr\u00e5n skolans sida.<\/li>\n<li class=\"hyperion-css-1d843yr\">Skolchefen, Martin Malmberg, har inf\u00f6rt en ny organisation och rutiner f\u00f6r att motverka mobbning och s\u00e4kerst\u00e4lla elevtrygghet efter brister i tidigare ledning.<\/li>\n<li class=\"hyperion-css-1d843yr\">Sara, en annan elev, valde att l\u00e4mna skolan p\u00e5 grund av en tystnadskultur och bristande st\u00f6d, och uppger att hon nu trivs b\u00e4ttre p\u00e5 en ny skola.<\/li>\n<\/ul>\n<p>L\u00e4s mer<\/p>\n<p class=\"hyperion-css-1v9qo5x\">Friskolan <a data-test-tag=\"internal-link\" href=\"https:\/\/www.aftonbladet.se\/tagg\/campus-manilla\" class=\"hyperion-css-15jkft9\" rel=\"nofollow noopener\" target=\"\" aria-label=\"Campus Manilla\">Campus Manilla<\/a> ligger p\u00e5 Djurg\u00e5rden i centrala Stockholm. I det gula huset i natursk\u00f6n milj\u00f6n bedrivs b\u00e5de grundskola och gymnasieskola.<\/p>\n<p class=\"hyperion-css-1v9qo5x\">H\u00e4r g\u00e5r bland annat kronprinsessparets barn prinsessan Estelle och prins Oscar.<\/p>\n<p class=\"hyperion-css-1v9qo5x\">Men just nu \u00e4r det inte kungligheterna det talas om i korridorerna p\u00e5 skolan. Barn- och elevombudsmannen (BEO) har n\u00e4mligen utrett ett fall d\u00e4r en elev p\u00e5 skolan systematiskt utsatts f\u00f6r kr\u00e4nkande behandling av andra elever under en l\u00e5ng period.<\/p>\n<p class=\"hyperion-css-1v9qo5x\">Man har beslutat att Campus Manilla ska betala 180\u00a0000 kronor till eleven som mobbats, vilket \u00e4r ett rekordh\u00f6gt skadest\u00e5nd.<\/p>\n<p class=\"hyperion-css-1v9qo5x\">Enligt BEO har skolan p\u00e5 ett allvarligt s\u00e4tt brustit i sina skyldigheter att anm\u00e4la, utreda och vidta \u00e5tg\u00e4rder mot den omfattande mobbningen.<\/p>\n<p>expand-left<\/p>\n<p>helsk\u00e4rm<img decoding=\"async\" class=\"image-asset hyperion-css-u06ts1\" data-test-tag=\"image-asset\" src=\"https:\/\/www.europesays.com\/se\/wp-content\/uploads\/2025\/12\/ffaa7bab-3873-4dec-9744-51fde3646d49\"  alt=\"P\u00e5 Campus Manilla bedrivs b\u00e5de grundskola och gymnasium.\"  loading=\"eager\" fetchpriority=\"high\" style=\"aspect-ratio:1900 \/ 1133\"\/>P\u00e5 Campus Manilla bedrivs b\u00e5de grundskola och gymnasium. Foto: Pontus OrreLetade efter en trygg skola<\/p>\n<p class=\"hyperion-css-1v9qo5x\">En som har erfarenhet av tystnadskulturen p\u00e5 skolan \u00e4r 17-\u00e5riga Sara som hoppade av efter att f\u00f6rst ha b\u00f6rjat gymnasiet p\u00e5 skolan.<\/p>\n<p class=\"hyperion-css-1v9qo5x\">P\u00e5 Campus Manillas gymnasieskola studerar endast 260 elever. Man erbjuder tre olika program och 20 l\u00e4rare arbetar p\u00e5 skolan.<\/p>\n<p class=\"hyperion-css-1v9qo5x\">\u2013 Det var det som fick mig att fastna f\u00f6r skolan, n\u00e4r jag skulle s\u00f6ka till gymnasiet. Att den var mindre \u00e4n de flesta andra gymnasieskolor i Stockholm, s\u00e4ger Sara, 17.<\/p>\n<p class=\"hyperion-css-1v9qo5x\">Saras mamma Karin fyller i och v\u00e4nder sig till sin dotter:<\/p>\n<p class=\"hyperion-css-1v9qo5x\">\u2013 Du gick ju i en ganska liten grundskola och d\u00e4rf\u00f6r k\u00e4ndes den h\u00e4r skolan bra. Det var ju det vi letade efter, en liten trygg skola.<\/p>\n<p class=\"hyperion-css-1v9qo5x\">Men Saras tid som elev p\u00e5 Campus Manilla blev allt annat \u00e4n trygg och bra. <\/p>\n<p class=\"hyperion-css-1v9qo5x\">Det b\u00f6rjade redan f\u00f6rsta dagen.<\/p>\n<p class=\"hyperion-css-1v9qo5x\">\u2013 Det \u00e4r tradition att man \u00e5ker b\u00e5t fr\u00e5n Strandv\u00e4gen till skolan. D\u00e5 m\u00e4rkte jag direkt att n\u00e4stan alla i min klass redan verkade k\u00e4nna varandra. Jag t\u00e4nkte: \u201dVad \u00e4r det h\u00e4r? Hur kan alla k\u00e4nna varandra?\u201d<\/p>\n<p>expand-left<\/p>\n<p>helsk\u00e4rm<img decoding=\"async\" class=\"image-asset hyperion-css-u06ts1\" data-test-tag=\"image-asset\" src=\"https:\/\/www.europesays.com\/se\/wp-content\/uploads\/2025\/12\/9b57c75e-5de1-4ecb-a79b-1e38f39d3691\"  alt=\"\u201dDet var aldrig n\u00e5gon som sa hej till mig\u201d, s\u00e4ger Sara, 17\"  loading=\"eager\" fetchpriority=\"high\" style=\"aspect-ratio:1900 \/ 1267\"\/>\u201dDet var aldrig n\u00e5gon som sa hej till mig\u201d, s\u00e4ger Sara, 17 Foto: Peter Wixtr\u00f6mBlev ignorerad av klasskompisarna<\/p>\n<p class=\"hyperion-css-1v9qo5x\">Hon skruvar p\u00e5 sig i soffan n\u00e4r hon ber\u00e4ttar hur hon f\u00f6rs\u00f6kte vara med i samtalen och gemenskapen.<\/p>\n<p class=\"hyperion-css-1v9qo5x\">\u2013 Jag var ju v\u00e4ldigt \u00f6ppen och f\u00f6rs\u00f6kte verkligen.<\/p>\n<p class=\"hyperion-css-1v9qo5x\">Men de andra ignorerade henne. Sara fick sitta ensam p\u00e5 b\u00e5ten, trots sina f\u00f6rs\u00f6k att f\u00e5 vara med.<\/p>\n<p class=\"hyperion-css-1v9qo5x\">\u2013 Hon kom hem v\u00e4ldigt ledsen och gr\u00e4t redan f\u00f6rsta dagen, s\u00e4ger hennes mamma.<\/p>\n<p class=\"hyperion-css-1v9qo5x\">\u2013 Jag t\u00e4nkte att det var v\u00e4ldigt ovanligt. Och jag blev f\u00f6rv\u00e5nad och lite ledsen sj\u00e4lv. Hon har aldrig haft n\u00e5gra problem att tr\u00e4ffa nya v\u00e4nner, men det blir nog b\u00e4ttre, t\u00e4nkte jag.<\/p>\n<p>expand-left<\/p>\n<p>helsk\u00e4rm<img decoding=\"async\" class=\"image-asset hyperion-css-u06ts1\" data-test-tag=\"image-asset\" src=\"https:\/\/www.europesays.com\/se\/wp-content\/uploads\/2025\/12\/982483a8-36f5-47d1-92ff-3a314142a69e\"  alt=\"Saras situation blev allt v\u00e4rre, ber\u00e4ttar hon f\u00f6r Aftonbladets reporter.\"  loading=\"eager\" fetchpriority=\"high\" style=\"aspect-ratio:1900 \/ 1267\"\/>Saras situation blev allt v\u00e4rre, ber\u00e4ttar hon f\u00f6r Aftonbladets reporter. Foto: Peter Wixtr\u00f6m<\/p>\n<p class=\"hyperion-css-1v9qo5x\">Men det blev inte b\u00e4ttre. <\/p>\n<p class=\"hyperion-css-1v9qo5x\">Det blev v\u00e4rre.<\/p>\n<p class=\"hyperion-css-1v9qo5x\">Hon blev skickad till en speciall\u00e4rare som skulle ha \u201den st\u00f6djande funktion\u201d.<\/p>\n<p class=\"hyperion-css-1v9qo5x\">\u2013 Jag f\u00f6rs\u00f6kte ber\u00e4tta f\u00f6r henne om hur jobbigt det var. Men hon b\u00f6rjade i st\u00e4llet direkt prata om hur fantastiskt det var med prinsen och prinsessan p\u00e5 skolan. \u201dHar du sett S\u00e4po? Deras livvakter?\u201d, fr\u00e5gade hon mig. Det var liksom inte direkt det jag hade ett behov av att prata om, s\u00e4ger Sara.<\/p>\n<p>expand-left<\/p>\n<p>helsk\u00e4rm<img decoding=\"async\" class=\"image-asset hyperion-css-u06ts1\" data-test-tag=\"image-asset\" src=\"https:\/\/www.europesays.com\/se\/wp-content\/uploads\/2025\/12\/a148c63d-3767-4e00-9151-328a8e7a47a9\"  alt=\"Campus Manilla ligger p\u00e5 Djurg\u00e5rden i centrala Stockholm. H\u00e4r g\u00e5r bland annat prinsessan Estelle i skolan.\"  loading=\"eager\" fetchpriority=\"high\" style=\"aspect-ratio:1900 \/ 1036\"\/>Campus Manilla ligger p\u00e5 Djurg\u00e5rden i centrala Stockholm. H\u00e4r g\u00e5r bland annat prinsessan Estelle i skolan. Foto: Pontus Orre<\/p>\n<p class=\"hyperion-css-1v9qo5x\">Sara hamnade mer och mer utanf\u00f6r. Hon minns en h\u00e4ndelse d\u00e5 en l\u00e4rare med kort varsel blev tvungen att byta klassrum f\u00f6r en lektion.<\/p>\n<p class=\"hyperion-css-1v9qo5x\">\u2013 D\u00e5 s\u00f6kte han upp oss som inte kommit och sa \u201ddet st\u00e5r ju i Snapchat-gruppen att ni skulle komma\u201d. <\/p>\n<p class=\"hyperion-css-1v9qo5x\">Sara hade ingen aning om att l\u00e4raren hade en informationsgrupp p\u00e5 Snapchat f\u00f6r eleverna i klassen.<\/p>\n<p class=\"hyperion-css-1v9qo5x\">\u2013 Han fr\u00e5gade f\u00f6rv\u00e5nat varf\u00f6r jag inte var med i gruppen. Sedan bad han n\u00e5gra tjejer i klassen att l\u00e4gga till mig.<\/p>\n<p class=\"hyperion-css-1v9qo5x\">Sara blev aldrig tillagd i gruppen. <\/p>\n<p>expand-left<\/p>\n<p>helsk\u00e4rm<img decoding=\"async\" class=\"image-asset hyperion-css-u06ts1\" data-test-tag=\"image-asset\" src=\"https:\/\/www.europesays.com\/se\/wp-content\/uploads\/2025\/12\/f313cff7-8396-482d-b8a3-bde04a286929\"  alt=\"Sara fick inte veta att l\u00e4raren hade en informationsgrupp p\u00e5 Snapchat.\"  loading=\"eager\" fetchpriority=\"high\" style=\"aspect-ratio:1900 \/ 1267\"\/>Sara fick inte veta att l\u00e4raren hade en informationsgrupp p\u00e5 Snapchat. Foto: Peter Wixtr\u00f6m\u201dMan g\u00e5r s\u00f6nder som f\u00f6r\u00e4lder\u201d<\/p>\n<p class=\"hyperion-css-1v9qo5x\">De vuxna i skolan b\u00f6rjade nu l\u00e4gga ansvaret p\u00e5 den d\u00e5 16-\u00e5riga Sara. Att det var hennes eget fel att hon fick sitta ensam. Att hon inte anstr\u00e4ngde sig tillr\u00e4ckligt.<\/p>\n<p class=\"hyperion-css-1v9qo5x\">\u2013 Min mentor sa att han inte f\u00f6rstod varf\u00f6r jag blev utfryst. \u201dJag f\u00f6rst\u00e5r inte varf\u00f6r, f\u00f6r du \u00e4r ju inte konstig\u201d, sa han. <\/p>\n<p class=\"hyperion-css-1v9qo5x\">Saras mamma Karin minns.<\/p>\n<p class=\"hyperion-css-1v9qo5x\">\u2013 N\u00e4r en l\u00e4rare s\u00e4ger s\u00e5, d\u00e5 l\u00e4ggs ju skulden helt p\u00e5 den som \u00e4r utfryst. Som att det m\u00e5ste vara den personen det \u00e4r fel p\u00e5. Jag tror det var n\u00e4r jag h\u00f6rde det d\u00e4r som jag t\u00e4nkte att nej, nu kan hon inte g\u00e5 kvar l\u00e4ngre, s\u00e4ger hon och forts\u00e4tter:<\/p>\n<p class=\"hyperion-css-1v9qo5x\">\u2013 Hon gr\u00e4t varje kv\u00e4ll och jag skickade henne till skolan varje dag. Till slut s\u00e5 k\u00e4nde jag som mamma att det h\u00e4r g\u00e5r inte. Man g\u00e5r s\u00f6nder som f\u00f6r\u00e4lder.<\/p>\n<p>expand-left<\/p>\n<p>helsk\u00e4rm<img decoding=\"async\" class=\"image-asset hyperion-css-u06ts1\" data-test-tag=\"image-asset\" src=\"https:\/\/www.europesays.com\/se\/wp-content\/uploads\/2025\/12\/8d65e868-5d6a-4eb9-9197-80c96980e83b\"  alt=\"I dag g\u00e5r Sara i en annan skola d\u00e4r hon trivs j\u00e4ttebra.\"  loading=\"eager\" fetchpriority=\"high\" style=\"aspect-ratio:1900 \/ 1267\"\/>I dag g\u00e5r Sara i en annan skola d\u00e4r hon trivs j\u00e4ttebra. Foto: Peter Wixtr\u00f6mSkolchef vill inte recensera f\u00f6reg\u00e5ngares jobb<\/p>\n<p class=\"hyperion-css-1v9qo5x\">Sara \u00e4r glad att hon slutade i tid. I dag g\u00e5r hon p\u00e5 en annan skola och allt fungerar fint, ber\u00e4ttar hon och hennes mamma.<\/p>\n<p class=\"hyperion-css-1v9qo5x\">F\u00f6r den andra eleven, som fortsatte g\u00e5 p\u00e5 Campus Manilla, blev mobbningen och utfrysningen bara v\u00e4rre, vilket g\u00e5r att l\u00e4sa i Barn- och elevombudsmannens beslut. <\/p>\n<p class=\"hyperion-css-1v9qo5x\">Vid ett stort antal tillf\u00e4llen ska personalen inte ha anm\u00e4lt kr\u00e4nkningarna till rektorn, trots att de b\u00e5de bevittnat och k\u00e4nt till dem, enligt BEO. <\/p>\n<p class=\"hyperion-css-1v9qo5x\">Man har inte heller utrett h\u00e4ndelserna.<\/p>\n<p class=\"hyperion-css-1v9qo5x\">Martin Malmberg \u00e4r relativt ny skolchef p\u00e5 Campus Manilla. Han jobbade tidigare p\u00e5 Rinkebyskolan och tilltr\u00e4dde sin nya tj\u00e4nst p\u00e5 Djurg\u00e5rden i augusti i \u00e5r. Han s\u00e4ger att han har nolltolerans mot mobbning och att \u00e4rendet som BEO tagit upp h\u00e4nde f\u00f6re hans tid som chef.<\/p>\n<p class=\"hyperion-css-1v9qo5x\">\u2013 Jag varken kan eller vill recensera tidigare skolledares jobb, dock har vi p\u00e5 skolan skapat en helt ny organisation med tydligare roller och system f\u00f6r att just \u00f6ka elevers trygghet. Det viktigaste ansvaret jag som skolchef har \u00e4r att tillsammans med rektor skapa en s\u00e4ker och trygg milj\u00f6 f\u00f6r alla v\u00e5ra elever, s\u00e4ger han.<\/p>\n<p>expand-left<\/p>\n<p>helsk\u00e4rm<img decoding=\"async\" class=\"image-asset hyperion-css-u06ts1\" data-test-tag=\"image-asset\" src=\"https:\/\/www.europesays.com\/se\/wp-content\/uploads\/2025\/12\/399b3e52-d979-4e0c-a153-a6596348ac99\"  alt=\"Campus Manilla ska betala ett rekordh\u00f6gt skadest\u00e5nd i ett annat mobbningsfall.\"  loading=\"eager\" fetchpriority=\"high\" style=\"aspect-ratio:1900 \/ 1267\"\/>Campus Manilla ska betala ett rekordh\u00f6gt skadest\u00e5nd i ett annat mobbningsfall. Foto: Pontus Orre<\/p>\n<p class=\"hyperion-css-1v9qo5x\"><strong>N\u00e4r man l\u00e4ser beslutet f\u00e5r man intrycket att det finns en kultur p\u00e5 Campus Manilla att man inte rapporterar incidenter vidare till skolledningen. Delar du den beskrivningen?<\/strong><\/p>\n<p class=\"hyperion-css-1v9qo5x\">\u2013 I dag finns det definitivt ingen s\u00e5dan kultur utan i st\u00e4llet uppmuntras rapportering av samtliga upplevda kr\u00e4nkande behandlingar, med kontakt med elev och v\u00e5rdnadshavare samma dag som information har n\u00e5tt personal. Vi har inf\u00f6rt s\u00e5v\u00e4l rutiner som st\u00f6djande system och resurser f\u00f6r att tidigt kunna agera. Dock \u00e4r det som BEO skriver s\u00e5 att skolan uppenbart har brustit i detta tidigare.<\/p>\n<p class=\"hyperion-css-1v9qo5x\">Skolchef Malmberg ber\u00e4ttar att man i snart ett \u00e5r haft en ny organisation och att man arbetat aktivt med elevtrygghet. <\/p>\n<p class=\"hyperion-css-1v9qo5x\"><strong>Kommer ni att betala skadest\u00e5ndet p\u00e5 180\u00a0000 kronor?<\/strong><\/p>\n<p class=\"hyperion-css-1v9qo5x\">\u2013 Ja, det \u00e4r v\u00e5r avsikt.\u00a0Vi erk\u00e4nner att vi har brustit i s\u00e5v\u00e4l dokumentation som i arbetet med att f\u00f6rhindra och f\u00f6rebygga nya kr\u00e4nkningar mot eleven och har inget att inv\u00e4nda mot vare sig skadest\u00e5ndet eller f\u00f6rel\u00e4ggandet.<\/p>\n<p class=\"hyperion-css-1v9qo5x\"><strong>Hur m\u00e5r den h\u00e4r utsatta eleven idag?<\/strong><\/p>\n<p class=\"hyperion-css-1v9qo5x\">\u2013 Eleven har inte g\u00e5tt p\u00e5 skolan under min tid som skolchef, s\u00e5 jag kan inte uttala mig om det.<\/p>\n","protected":false},"excerpt":{"rendered":"Rekordskadest\u00e5nd f\u00f6r Campus Manilla efter mobbning av annan elev Publicerad 2025-12-13 20.24 share-arrowDela unsaveSpara expand-left helsk\u00e4rm17-\u00e5riga Sara och&hellip;\n","protected":false},"author":2,"featured_media":105773,"comment_status":"","ping_status":"","sticky":false,"template":"","format":"standard","meta":{"footnotes":""},"categories":[5],"tags":[22,23,26,27,17,21,24,25,28,29,15,16,18,34,31,33,32,30,19,20],"class_list":{"0":"post-105772","1":"post","2":"type-post","3":"status-publish","4":"format-standard","5":"has-post-thumbnail","7":"category-rubriker","8":"tag-breaking-news","9":"tag-breakingnews","10":"tag-featured-news","11":"tag-featurednews","12":"tag-headlines","13":"tag-huvudnyheter","14":"tag-latest-news","15":"tag-latestnews","16":"tag-main-news","17":"tag-mainnews","18":"tag-news","19":"tag-nyheter","20":"tag-rubriker","21":"tag-se","22":"tag-svenska","23":"tag-sverige","24":"tag-sweden","25":"tag-swedish","26":"tag-top-stories","27":"tag-topstories"},"share_on_mastodon":{"url":"https:\/\/pubeurope.com\/@se\/115718841155633715","error":""},"_links":{"self":[{"href":"https:\/\/www.europesays.com\/se\/wp-json\/wp\/v2\/posts\/105772","targetHints":{"allow":["GET"]}}],"collection":[{"href":"https:\/\/www.europesays.com\/se\/wp-json\/wp\/v2\/posts"}],"about":[{"href":"https:\/\/www.europesays.com\/se\/wp-json\/wp\/v2\/types\/post"}],"author":[{"embeddable":true,"href":"https:\/\/www.europesays.com\/se\/wp-json\/wp\/v2\/users\/2"}],"replies":[{"embeddable":true,"href":"https:\/\/www.europesays.com\/se\/wp-json\/wp\/v2\/comments?post=105772"}],"version-history":[{"count":0,"href":"https:\/\/www.europesays.com\/se\/wp-json\/wp\/v2\/posts\/105772\/revisions"}],"wp:featuredmedia":[{"embeddable":true,"href":"https:\/\/www.europesays.com\/se\/wp-json\/wp\/v2\/media\/105773"}],"wp:attachment":[{"href":"https:\/\/www.europesays.com\/se\/wp-json\/wp\/v2\/media?parent=105772"}],"wp:term":[{"taxonomy":"category","embeddable":true,"href":"https:\/\/www.europesays.com\/se\/wp-json\/wp\/v2\/categories?post=105772"},{"taxonomy":"post_tag","embeddable":true,"href":"https:\/\/www.europesays.com\/se\/wp-json\/wp\/v2\/tags?post=105772"}],"curies":[{"name":"wp","href":"https:\/\/api.w.org\/{rel}","templated":true}]}}