{"id":105777,"date":"2025-12-14T16:27:12","date_gmt":"2025-12-14T16:27:12","guid":{"rendered":"https:\/\/www.europesays.com\/se\/105777\/"},"modified":"2025-12-14T16:27:12","modified_gmt":"2025-12-14T16:27:12","slug":"stormen-emilia-pa-kanarieoarna-1400-blixtnedslag","status":"publish","type":"post","link":"https:\/\/www.europesays.com\/se\/105777\/","title":{"rendered":"Stormen Emilia p\u00e5 Kanarie\u00f6arna \u2013 1400 blixtnedslag"},"content":{"rendered":"<p class=\"sc-c25743f0-0 sc-e37c0145-2 hObFds DQgPn\">Under fredagen utf\u00e4rdade myndigheterna p\u00e5 Kanarie\u00f6arna en orange varning inf\u00f6r att stormen Emilia n\u00e4rmade sig. Turister och inv\u00e5nare p\u00e5 \u00f6arna varnades bland annat <a href=\"https:\/\/www.tv4.se\/artikel\/6oZgggCGIzeT4RKEHdA7Qr\/utoekad-stormvarning-pa-kanarieoearna-risk-foer-vagor-pa-nio-meter\" class=\"pcc\" target=\"_top\" rel=\"nofollow noopener\">f\u00f6r \u00f6versv\u00e4mningar, h\u00f6ga v\u00e5gor och starka vindar. <\/a><\/p>\n<p class=\"sc-c25743f0-0 sc-e37c0145-2 hObFds DQgPn\">Under l\u00f6rdagskv\u00e4llen tog stormen fart ordentligt. Enligt <a href=\"https:\/\/www.canarianweekly.com\/posts\/Over-1-400-lightning-strikes-recorded-in-just-four-hours-as-Storm-Emilia-intensifies\" class=\"pcc\" target=\"_blank\" rel=\"noopener noreferrer nofollow\">Canarian Weekly<\/a> registrerades \u00f6ver 1 400 blixtnedslag p\u00e5 bara fyra timmar \u00f6ver norra och v\u00e4stra Gran Canaria och norra Teneriffa, av den meteorologiska myndigheten AEMET. <\/p>\n<p class=\"sc-c25743f0-0 sc-e37c0145-2 hObFds DQgPn\">Enligt Canarian Weekly har stormen Emilia orsakat \u00f6ver 1 000 utryckningar av r\u00e4ddningstj\u00e4nst, med str\u00f6mavbrott, r\u00e4ddningsinsatser och \u00f6versv\u00e4mningar. \u00c4ven flera flyg och f\u00e4rjor har st\u00e4llts in i stormen. <\/p>\n<p>Nio meter h\u00f6ga v\u00e5gor<\/p>\n<p class=\"sc-c25743f0-0 sc-e37c0145-2 hObFds DQgPn\">Under l\u00f6rdagen varnades f\u00f6r h\u00f6ga v\u00e5gor p\u00e5 flera meter vid kusterna. Enligt<a href=\"https:\/\/rtvc.es\/borrasca-emilia-activa-alertas-en-canarias-por-oleaje-lluvia-inundaciones-viento-y-nieve-13-de-diciembre-2025\/\" class=\"pcc\" target=\"_blank\" rel=\"noopener noreferrer nofollow\"> Radio Television Canaria<\/a> uppm\u00e4ttes bland annat v\u00e5gor p\u00e5 nio meter vid kusten till Gran Canaria under l\u00f6rdagskv\u00e4llen. Bara p\u00e5 den \u00f6n har \u00f6ver 700 utryckningar gjorts av r\u00e4ddningstj\u00e4nst, bland annat genom att ta bort palmtr\u00e4d och andra f\u00f6rem\u00e5l som fallit ner \u00f6ver v\u00e4gar. <\/p>\n<p class=\"sc-c25743f0-0 sc-e37c0145-2 hObFds DQgPn\">\u00c4ven p\u00e5 Teneriffa rapporteras hundratals incidenter, bland annat med fallande tr\u00e4d och gatlyktor, och solpaneler och juldekorationer som bl\u00e5st iv\u00e4g. Ett hundratal personer ska ocks\u00e5 ha drabbats av str\u00f6mavbrott p\u00e5 \u00f6n. <\/p>\n<p class=\"sc-c25743f0-0 sc-e37c0145-2 hObFds DQgPn\">Stormen v\u00e4ntas lugna ner sig under s\u00f6ndagen, men inv\u00e5nare och turister uppmanas att fortsatt h\u00e5lla koll p\u00e5 v\u00e4derprognoser och varningar, och f\u00f6lja myndigheternas uppmaningar tills stormen har dragit f\u00f6rbi. <\/p>\n<p>Flera inst\u00e4llda flyg<\/p>\n<p class=\"sc-c25743f0-0 sc-e37c0145-2 hObFds DQgPn\">Under g\u00e5rdagen uppgav resebolagen Tui och Ving att de informerat sina kunder som befinner sig p\u00e5 Kanarie\u00f6arna om ov\u00e4dret, och uppmanat dem till att h\u00e5lla sig borta fr\u00e5n kustomr\u00e5den och bergsomr\u00e5den, och att f\u00f6lja de lokala myndigheternas r\u00e5d. <\/p>\n<p class=\"sc-c25743f0-0 sc-e37c0145-2 hObFds DQgPn\">Under l\u00f6rdagskv\u00e4llen st\u00e4lldes flera flyg till och fr\u00e5n Kanarie\u00f6arna in, rapporterar RTVC. Passagerare som rest till och fr\u00e5n La Gomera och Teneriffa drabbades s\u00e4rskilt av stormen, \u00e4ven de som rest till eller fr\u00e5n La Palma, d\u00e4r minst elva flygningar st\u00e4llts in. <\/p>\n<p class=\"sc-c25743f0-0 sc-e37c0145-2 hObFds DQgPn\">\u00c4ven flera f\u00e4rjeavg\u00e5ngar har blivit inst\u00e4llda till f\u00f6ljd av stormen, och det har d\u00e4rf\u00f6r varit sv\u00e5rt att ta sig mellan \u00f6arna, enligt kanalen. <\/p>\n","protected":false},"excerpt":{"rendered":"Under fredagen utf\u00e4rdade myndigheterna p\u00e5 Kanarie\u00f6arna en orange varning inf\u00f6r att stormen Emilia n\u00e4rmade sig. Turister och inv\u00e5nare&hellip;\n","protected":false},"author":2,"featured_media":105778,"comment_status":"","ping_status":"","sticky":false,"template":"","format":"standard","meta":{"footnotes":""},"categories":[14],"tags":[22,23,26,27,17,21,24,25,28,29,15,16,18,34,31,33,32,30,19,20,51,52,53,54],"class_list":{"0":"post-105777","1":"post","2":"type-post","3":"status-publish","4":"format-standard","5":"has-post-thumbnail","7":"category-varlden","8":"tag-breaking-news","9":"tag-breakingnews","10":"tag-featured-news","11":"tag-featurednews","12":"tag-headlines","13":"tag-huvudnyheter","14":"tag-latest-news","15":"tag-latestnews","16":"tag-main-news","17":"tag-mainnews","18":"tag-news","19":"tag-nyheter","20":"tag-rubriker","21":"tag-se","22":"tag-svenska","23":"tag-sverige","24":"tag-sweden","25":"tag-swedish","26":"tag-top-stories","27":"tag-topstories","28":"tag-varlden","29":"tag-world","30":"tag-world-news","31":"tag-worldnews"},"share_on_mastodon":{"url":"https:\/\/pubeurope.com\/@se\/115718864551467753","error":""},"_links":{"self":[{"href":"https:\/\/www.europesays.com\/se\/wp-json\/wp\/v2\/posts\/105777","targetHints":{"allow":["GET"]}}],"collection":[{"href":"https:\/\/www.europesays.com\/se\/wp-json\/wp\/v2\/posts"}],"about":[{"href":"https:\/\/www.europesays.com\/se\/wp-json\/wp\/v2\/types\/post"}],"author":[{"embeddable":true,"href":"https:\/\/www.europesays.com\/se\/wp-json\/wp\/v2\/users\/2"}],"replies":[{"embeddable":true,"href":"https:\/\/www.europesays.com\/se\/wp-json\/wp\/v2\/comments?post=105777"}],"version-history":[{"count":0,"href":"https:\/\/www.europesays.com\/se\/wp-json\/wp\/v2\/posts\/105777\/revisions"}],"wp:featuredmedia":[{"embeddable":true,"href":"https:\/\/www.europesays.com\/se\/wp-json\/wp\/v2\/media\/105778"}],"wp:attachment":[{"href":"https:\/\/www.europesays.com\/se\/wp-json\/wp\/v2\/media?parent=105777"}],"wp:term":[{"taxonomy":"category","embeddable":true,"href":"https:\/\/www.europesays.com\/se\/wp-json\/wp\/v2\/categories?post=105777"},{"taxonomy":"post_tag","embeddable":true,"href":"https:\/\/www.europesays.com\/se\/wp-json\/wp\/v2\/tags?post=105777"}],"curies":[{"name":"wp","href":"https:\/\/api.w.org\/{rel}","templated":true}]}}