{"id":105786,"date":"2025-12-14T16:37:08","date_gmt":"2025-12-14T16:37:08","guid":{"rendered":"https:\/\/www.europesays.com\/se\/105786\/"},"modified":"2025-12-14T16:37:08","modified_gmt":"2025-12-14T16:37:08","slug":"fyra-svenska-akare-topp-10-i-jaktstarterna","status":"publish","type":"post","link":"https:\/\/www.europesays.com\/se\/105786\/","title":{"rendered":"Fyra svenska \u00e5kare topp 10 i jaktstarterna"},"content":{"rendered":"<p class=\"normal\"><strong>Herrar jaktstart<\/strong><\/p>\n<p class=\"normal\"><strong>Henning Sj\u00f6kvist <\/strong>inledde med en bom, men avancerade \u00e4nd\u00e5 till 16:e plats. Han fick d\u00e4remot sl\u00e4ppa fyra man f\u00f6rbi sig p\u00e5 n\u00e4sta varv, men lyckades nolla p\u00e5 24 sekunder i andra liggande och var 11:a ut p\u00e5 det tredje varvet. D\u00e4r h\u00f6ll Henning sin placering, men satte alla skotten \u00e4nnu en g\u00e5ng p\u00e5 22 sekunder i f\u00f6rsta st\u00e5ende och kl\u00e4ttrade till \u00e5ttonde plats &#8211; bara en straffrunda fr\u00e5n pallen. P\u00e5 v\u00e4gen till det sista skyttet blev han d\u00e4remot passerad av en \u00e5kare och avslutade sedan med \u00e4nnu en bom. Trots det var Henning fortsatt nia ut p\u00e5 det sista varvet, men tog sig f\u00f6rbi en \u00e5kare och hamnade p\u00e5 \u00e5ttonde plats i m\u00e5l &#8211; 1,34 bakom segrande <strong>Antonin Guigonnat <\/strong>som sk\u00f6t fyra nollor och f\u00f6ljdes av ytterligare tv\u00e5 fransm\u00e4n p\u00e5 pallen. \u00c5km\u00e4ssigt var svensken totalt 34 sekunder l\u00e5ngsammare \u00e4n tysken <strong>Lukas Fratzscher<\/strong> och hade nionde skjuttid efter fyra serier p\u00e5 1,38. Henning var dessutom s\u00e5 bra som \u00e5ttonde man i sj\u00e4lva jaktstarten efter att ha kl\u00e4ttrat 12 placeringar!<\/p>\n<p class=\"normal\">Tack vare fem fulltr\u00e4ffar i f\u00f6rsta liggande avancerade <strong>Oscar Andersson <\/strong>till 24:e plats. Han fortsatte med samma fina resultat p\u00e5 27 sekunder i det andra skyttet och kl\u00e4ttrade ytterligare nio placeringar och gick sedan ut p\u00e5 det fj\u00e4rde varvet p\u00e5 13:e plats, trots en bom i f\u00f6rsta st\u00e5ende. Oscar satte sedan punkt med \u00e4nnu ett missat skott, men var \u00e4nd\u00e5 12:e man ut p\u00e5 slutvarvet och spurtslog norrmannen <strong>J\u00f6rgen S\u00e4ter <\/strong>och blev 11:a i m\u00e5l &#8211; 20 sekunder bakom Henning. Han var fem sekunder snabbare \u00e4n landsmannen i sp\u00e5ret med 16:e tid totalt, 29 sekunder efter b\u00e4sta \u00e5kare &#8211; och var dessutom b\u00e4ste svensk som sjua i sj\u00e4lva jaktstarten efter att ha kl\u00e4ttrat hela 20 placeringar fr\u00e5n start!<\/p>\n<p class=\"normal\"><strong>Victor Berglund <\/strong>missade tv\u00e5 skott i det inledande skyttet och f\u00f6ll till 25:e plats. Han lyckades d\u00e4remot skjuta fullt i andra liggande och avancerade fem placeringar och var ytterligare tv\u00e5 placeringar b\u00e4ttre trots \u00e4nnu en bom i f\u00f6rsta st\u00e5ende. Victor avslutade tyv\u00e4rr med tv\u00e5 straffrundor till och hamnade till sist p\u00e5 27:e plats i m\u00e5l, 2,59 bakom <strong>Antonin Guigonnat<\/strong> &#8211; och \u00e5km\u00e4ssigt tappade han sammanlagt 48 sekunder mot <strong>Lukas Fratzscher<\/strong>.<\/p>\n<p class=\"normal\">Efter fullt i f\u00f6rsta liggande avancerade <strong>Philip Lindkvist-Fl\u00f6tten <\/strong>till 18:plats. Han fortsatte starkt med n\u00e4st b\u00e4sta \u00e5ktid p\u00e5 n\u00e4sta varv och lyckades nolla p\u00e5 nytt i det andra skyttet och gick ut p\u00e5 det tredje varvet som 10:a. Tyv\u00e4rr gjorde tre bom i f\u00f6rsta st\u00e5ende att Philip f\u00f6ll till 29:e plats men hade sjunde tid p\u00e5 v\u00e4gen till det sista skyttet. D\u00e4r blev det ytterligare tre missade skott, vilket gjorde att han blev 32:a i m\u00e5l, 3,34 fr\u00e5n segern. 19-\u00e5ringen var snabbast av svenskarna igen med 13:e \u00e5ktid, 21 sekunder efter b\u00e4ste man.<\/p>\n<p class=\"normal\"><strong>Emil Nykvist <\/strong>inledde med en bom, men satte d\u00e4refter alla skotten i andra liggande och gick ut p\u00e5 det tredje varvet som 39:a. Efter tv\u00e5 missade skott i f\u00f6rsta st\u00e5ende f\u00f6ll han tv\u00e5 placeringar och \u00e5kte p\u00e5 en fj\u00e4rde bom i det sista skyttet. Emil avslutade \u00e4nd\u00e5 starkt med tredje tid p\u00e5 slutvarvet och kl\u00e4ttrade till 33:e plats i m\u00e5l, sju tiondelar bakom Philip. Han var sammanlagt 32 sekunder l\u00e5ngsammare \u00e4n <strong>Lukas Fratzscher <\/strong>i sp\u00e5ret.<\/p>\n<p class=\"normal\"><strong>Damer jaktstart<\/strong><\/p>\n<p class=\"normal\"><strong>Johanna Skottheim <\/strong>inledde med en bom i f\u00f6rsta liggande och tappade tid, men l\u00e5g kvar p\u00e5 fj\u00e4rde plats &#8211; en dryg minut bakom ledande <strong>Paula Botet<\/strong>. Hon lyckades d\u00e4remot nolla i det andra skyttet och plockade in 18 sekunder mot t\u00e4ten och tog sig sedan upp p\u00e5 pallplats som trea trots ytterligare ett missat skott i f\u00f6rsta st\u00e5ende. Tyv\u00e4rr blev det tv\u00e5 bom till i det sista skyttet f\u00f6r Johanna som f\u00f6ll till femte plats &#8211; och hon fick \u00e4ven samma placering i m\u00e5l efter fj\u00e4rde \u00e5ktid p\u00e5 slutvarvet, 1,30 bakom <strong>Paula Botet <\/strong>som f\u00f6rsvarade sin ledning fr\u00e5n sprinten och f\u00f6ljdes av ytterligare tre fransyskor i resultatlistan. Johanna var totalt 42 sekunder efter snabbaste \u00e5kare i sp\u00e5ret och fick g\u00e5 p\u00e5 blomsterceremoni f\u00f6r andra dagen i rad.<\/p>\n<p class=\"normal\">Tack vare fullt i det inledande skyttet avancerade <strong>Emma Nilsson <\/strong>till sj\u00e4tte plats. Hon fick d\u00e4remot sl\u00e4ppa tre \u00e5kare f\u00f6rbi sig p\u00e5 n\u00e4sta varv, men satte alla skotten \u00e4nnu en g\u00e5ng i andra liggande och var femma ut p\u00e5 det tredje varvet, 1,07 fr\u00e5n t\u00e4ten. Emma missade d\u00e4refter ett skott i det tredje skyttet och f\u00f6ll tv\u00e5 placeringar och var en placering s\u00e4mre efter \u00e4nnu en bom i det avslutande skyttet. Hon blev \u00e4ven \u00e5tta i m\u00e5l efter att ha vunnit en spurtstrid, 1,54 fr\u00e5n segern &#8211; och tappade sammanlagt en minut mot snabbaste \u00e5kare i sp\u00e5ret. Emma fortsatte sitt stabila skytte och \u00e4r s\u00e5 bra som femma i den totala cupen efter en imponerande s\u00e4songsinledning.<\/p>\n<p class=\"normal\"><strong>Anna-Karin Heijdenberg <\/strong>hade fj\u00e4rde tid p\u00e5 det f\u00f6rsta varvet och avancerade till 10:e plats trots en bom. Hon fortsatte med snabbaste \u00e5ktid och fick samma resultat i andra liggande och l\u00e5g nia ut p\u00e5 det tredje varvet. D\u00e4r var Anna-Karin snabbast p\u00e5 nytt och tog sig f\u00f6rbi tv\u00e5 \u00e5kare, men missade ytterligare tv\u00e5 skott i det tredje skyttet och f\u00f6ll till 11:e plats &#8211; men var tv\u00e5 placeringar b\u00e4ttre efter en femte bom i sista st\u00e5ende. Hon tog sig dessutom ifatt Emma med andra tid p\u00e5 slutvarvet, men fick ge sig i spurten och hamnade p\u00e5 nionde plats i m\u00e5l &#8211; 1,55 bakom <strong>Paula Botet<\/strong>. Trots skyttet var Anna-Karin snabbast av alla i sp\u00e5ret och hade tredje skjuttid efter fyra serier p\u00e5 1,45. Hon var dessutom b\u00e4st av svenskarna med 10:e tid i sj\u00e4lva jaktstarten.<\/p>\n<p class=\"normal\">Efter ett missat skott i f\u00f6rsta liggande l\u00e5g <strong>Johanna Nordqvist <\/strong>p\u00e5 32:a plats och var tre placeringar s\u00e4mre efter samma resultat \u00e4ven i det andra skyttet. Hon fortsatte med \u00e4nnu en bom i f\u00f6rsta st\u00e5ende och var 37:;a ut p\u00e5 det fj\u00e4rde varvet, men satte punkt med fem fulltr\u00e4ffar och kl\u00e4ttrade till 26:e plats i m\u00e5l &#8211; 4,05 fr\u00e5n segern. \u00c5km\u00e4ssigt tappade Johanna totalt 1,07 mot Anna-Karin.<\/p>\n<p class=\"normal\"><strong>Annie Lindh <\/strong>l\u00e4mnade vallen som 47:a efter en inledande bom och var en placering s\u00e4mre efter ytterligare tv\u00e5 missade skott i andra liggande. Hon \u00e5kte sedan p\u00e5 hela tre bom i det tredje skyttet och blev varvad och avplockad &#8211; och tyv\u00e4rr utan slutplacering.<\/p>\n<p class=\"normal\">IBU-cupen forts\u00e4tter n\u00e4rmast till Lenzerheide i Schweiz f\u00f6r mixstafetter, sprint och masstart 60 &#8211; med start p\u00e5 onsdag 17:e december.<\/p>\n<p class=\"normal\"><strong>Text och analys: L-G Alsenius<\/strong><\/p>\n","protected":false},"excerpt":{"rendered":"Herrar jaktstart Henning Sj\u00f6kvist inledde med en bom, men avancerade \u00e4nd\u00e5 till 16:e plats. Han fick d\u00e4remot sl\u00e4ppa&hellip;\n","protected":false},"author":2,"featured_media":105787,"comment_status":"","ping_status":"","sticky":false,"template":"","format":"standard","meta":{"footnotes":""},"categories":[5],"tags":[22,23,26,27,17,21,24,25,28,29,15,16,18,34,31,33,32,30,19,20],"class_list":{"0":"post-105786","1":"post","2":"type-post","3":"status-publish","4":"format-standard","5":"has-post-thumbnail","7":"category-rubriker","8":"tag-breaking-news","9":"tag-breakingnews","10":"tag-featured-news","11":"tag-featurednews","12":"tag-headlines","13":"tag-huvudnyheter","14":"tag-latest-news","15":"tag-latestnews","16":"tag-main-news","17":"tag-mainnews","18":"tag-news","19":"tag-nyheter","20":"tag-rubriker","21":"tag-se","22":"tag-svenska","23":"tag-sverige","24":"tag-sweden","25":"tag-swedish","26":"tag-top-stories","27":"tag-topstories"},"share_on_mastodon":{"url":"https:\/\/pubeurope.com\/@se\/115718903791453175","error":""},"_links":{"self":[{"href":"https:\/\/www.europesays.com\/se\/wp-json\/wp\/v2\/posts\/105786","targetHints":{"allow":["GET"]}}],"collection":[{"href":"https:\/\/www.europesays.com\/se\/wp-json\/wp\/v2\/posts"}],"about":[{"href":"https:\/\/www.europesays.com\/se\/wp-json\/wp\/v2\/types\/post"}],"author":[{"embeddable":true,"href":"https:\/\/www.europesays.com\/se\/wp-json\/wp\/v2\/users\/2"}],"replies":[{"embeddable":true,"href":"https:\/\/www.europesays.com\/se\/wp-json\/wp\/v2\/comments?post=105786"}],"version-history":[{"count":0,"href":"https:\/\/www.europesays.com\/se\/wp-json\/wp\/v2\/posts\/105786\/revisions"}],"wp:featuredmedia":[{"embeddable":true,"href":"https:\/\/www.europesays.com\/se\/wp-json\/wp\/v2\/media\/105787"}],"wp:attachment":[{"href":"https:\/\/www.europesays.com\/se\/wp-json\/wp\/v2\/media?parent=105786"}],"wp:term":[{"taxonomy":"category","embeddable":true,"href":"https:\/\/www.europesays.com\/se\/wp-json\/wp\/v2\/categories?post=105786"},{"taxonomy":"post_tag","embeddable":true,"href":"https:\/\/www.europesays.com\/se\/wp-json\/wp\/v2\/tags?post=105786"}],"curies":[{"name":"wp","href":"https:\/\/api.w.org\/{rel}","templated":true}]}}