{"id":105794,"date":"2025-12-14T16:46:09","date_gmt":"2025-12-14T16:46:09","guid":{"rendered":"https:\/\/www.europesays.com\/se\/105794\/"},"modified":"2025-12-14T16:46:09","modified_gmt":"2025-12-14T16:46:09","slug":"man-pakord-av-sparvagn","status":"publish","type":"post","link":"https:\/\/www.europesays.com\/se\/105794\/","title":{"rendered":"Man p\u00e5k\u00f6rd av sp\u00e5rvagn"},"content":{"rendered":"<p>share-arrowDela<\/p>\n<p>unsaveSpara<\/p>\n<p>expand-left<\/p>\n<p>helsk\u00e4rm<img decoding=\"async\" class=\"image-asset hyperion-css-u06ts1\" data-test-tag=\"image-asset\" src=\"https:\/\/www.europesays.com\/se\/wp-content\/uploads\/2025\/12\/63c39f14-c6ee-4f0d-a06f-6ba8b48f27c4\"  alt=\"En man har f\u00f6rts till sjukhus efter att ha blivit p\u00e5k\u00f6rd av en sp\u00e5rvagn i G\u00f6teborg. Arkivbild.\"  loading=\"eager\" fetchpriority=\"high\" style=\"aspect-ratio:1900 \/ 1267\"\/>En man har f\u00f6rts till sjukhus efter att ha blivit p\u00e5k\u00f6rd av en sp\u00e5rvagn i G\u00f6teborg. Arkivbild. Foto: Bj\u00f6rn Larsson Rosvall\/TT<\/p>\n<p class=\"hyperion-css-1shl3oz\" data-test-tag=\"lead-text\">En man p\u00e5 elsparkcykel har blivit p\u00e5k\u00f6rd av en sp\u00e5rvagn i G\u00f6teborg, rapporterar G\u00f6teborgs-Posten.<\/p>\n<p class=\"hyperion-css-1v9qo5x\">Mannen, som \u00e4r i 50-\u00e5rs\u00e5ldern, f\u00f6rdes till sjukhus med ambulans. L\u00e4get \u00e4r allvarligt men stabilt, uppger Sahlgrenska sjukhuset.<\/p>\n<p class=\"hyperion-css-1v9qo5x\">Enligt polisen var mannen vid medvetande efter olyckan, som intr\u00e4ffade p\u00e5 s\u00f6ndagseftermiddagen.<\/p>\n<p class=\"hyperion-css-1v9qo5x\">\u2013 Vi har uppr\u00e4ttat en anm\u00e4lan om v\u00e5rdsl\u00f6shet i trafik och elsparkcykeln \u00e4r tagen i beslag f\u00f6r teknisk unders\u00f6kning, s\u00e4ger Jon Franz\u00e9n, vakthavande bef\u00e4l vid polisen till tidningen.<\/p>\n<p class=\"hyperion-css-1v9qo5x\">Sp\u00e5rvagnstrafiken p\u00e5verkades under en knapp timme, men var vid 16.15-tiden \u00e5ter i g\u00e5ng.<\/p>\n","protected":false},"excerpt":{"rendered":"share-arrowDela unsaveSpara expand-left helsk\u00e4rmEn man har f\u00f6rts till sjukhus efter att ha blivit p\u00e5k\u00f6rd av en sp\u00e5rvagn i&hellip;\n","protected":false},"author":2,"featured_media":105795,"comment_status":"","ping_status":"","sticky":false,"template":"","format":"standard","meta":{"footnotes":""},"categories":[5],"tags":[22,23,26,27,17,21,24,25,28,29,15,16,18,34,31,33,32,30,19,20],"class_list":{"0":"post-105794","1":"post","2":"type-post","3":"status-publish","4":"format-standard","5":"has-post-thumbnail","7":"category-rubriker","8":"tag-breaking-news","9":"tag-breakingnews","10":"tag-featured-news","11":"tag-featurednews","12":"tag-headlines","13":"tag-huvudnyheter","14":"tag-latest-news","15":"tag-latestnews","16":"tag-main-news","17":"tag-mainnews","18":"tag-news","19":"tag-nyheter","20":"tag-rubriker","21":"tag-se","22":"tag-svenska","23":"tag-sverige","24":"tag-sweden","25":"tag-swedish","26":"tag-top-stories","27":"tag-topstories"},"share_on_mastodon":{"url":"https:\/\/pubeurope.com\/@se\/115718939254265540","error":""},"_links":{"self":[{"href":"https:\/\/www.europesays.com\/se\/wp-json\/wp\/v2\/posts\/105794","targetHints":{"allow":["GET"]}}],"collection":[{"href":"https:\/\/www.europesays.com\/se\/wp-json\/wp\/v2\/posts"}],"about":[{"href":"https:\/\/www.europesays.com\/se\/wp-json\/wp\/v2\/types\/post"}],"author":[{"embeddable":true,"href":"https:\/\/www.europesays.com\/se\/wp-json\/wp\/v2\/users\/2"}],"replies":[{"embeddable":true,"href":"https:\/\/www.europesays.com\/se\/wp-json\/wp\/v2\/comments?post=105794"}],"version-history":[{"count":0,"href":"https:\/\/www.europesays.com\/se\/wp-json\/wp\/v2\/posts\/105794\/revisions"}],"wp:featuredmedia":[{"embeddable":true,"href":"https:\/\/www.europesays.com\/se\/wp-json\/wp\/v2\/media\/105795"}],"wp:attachment":[{"href":"https:\/\/www.europesays.com\/se\/wp-json\/wp\/v2\/media?parent=105794"}],"wp:term":[{"taxonomy":"category","embeddable":true,"href":"https:\/\/www.europesays.com\/se\/wp-json\/wp\/v2\/categories?post=105794"},{"taxonomy":"post_tag","embeddable":true,"href":"https:\/\/www.europesays.com\/se\/wp-json\/wp\/v2\/tags?post=105794"}],"curies":[{"name":"wp","href":"https:\/\/api.w.org\/{rel}","templated":true}]}}