{"id":105798,"date":"2025-12-14T16:49:49","date_gmt":"2025-12-14T16:49:49","guid":{"rendered":"https:\/\/www.europesays.com\/se\/105798\/"},"modified":"2025-12-14T16:49:49","modified_gmt":"2025-12-14T16:49:49","slug":"karlskoga-vill-satta-stopp-for-punkfestival-i-staden-kan-vacka-anstot","status":"publish","type":"post","link":"https:\/\/www.europesays.com\/se\/105798\/","title":{"rendered":"Karlskoga vill s\u00e4tta stopp f\u00f6r punkfestival i staden: \u201dKan v\u00e4cka anst\u00f6t\u201d"},"content":{"rendered":"<p>Festivalen Dunndret, d\u00e4r Karlskogabor bjuds p\u00e5 punk, h\u00e5rdrock och metal, kan stoppas av kommunen, rapporterar lokala medier. Tv\u00e5 f\u00f6rvaltningar \u00e4r kritiska och lyfter bland annat oro f\u00f6r att musiken kan vara skadlig f\u00f6r barn. <\/p>\n<p>\u201dTextavsnitt i musiktexterna inom genren skulle kunna v\u00e4cka viss anst\u00f6t, genom att exempelvis inneh\u00e5lla k\u00f6nsord, sexuella anspelningar eller skrivningar om fekalier\u201d, skriver kultur- och fritidsf\u00f6rvaltningen enligt KT-Kuriren. <\/p>\n<p>F\u00f6rvaltningen \u00e4r ocks\u00e5 skeptisk till att festivalen bidrar till en \u201dvacker och levande stad\u201d. <\/p>\n<p>B\u00e5de arrang\u00f6ren och oppositionspolitiker har kritiserat yttrandet. <\/p>\n<p>Omni \u00e4r politiskt obundna och oberoende. Vi str\u00e4var efter att ge fler perspektiv p\u00e5 nyheterna. Har du fr\u00e5gor eller synpunkter kring v\u00e5r rapportering? <a href=\"https:\/\/omni.se\/karlskoga-vill-satta-stopp-for-punkfestival-i-staden-kan-vacka-anstot\/a\/mailto:redaktion@omni.se\" class=\"ArticleActions_contactLink__W2F1M\" rel=\"nofollow noopener\" target=\"_blank\">Kontakta redaktionen<\/a><\/p>\n","protected":false},"excerpt":{"rendered":"Festivalen Dunndret, d\u00e4r Karlskogabor bjuds p\u00e5 punk, h\u00e5rdrock och metal, kan stoppas av kommunen, rapporterar lokala medier. Tv\u00e5&hellip;\n","protected":false},"author":2,"featured_media":105799,"comment_status":"","ping_status":"","sticky":false,"template":"","format":"standard","meta":{"footnotes":""},"categories":[67],"tags":[104,11849,172,34,31,33,32,30,105,2480],"class_list":{"0":"post-105798","1":"post","2":"type-post","3":"status-publish","4":"format-standard","5":"has-post-thumbnail","7":"category-underhallning","8":"tag-entertainment","9":"tag-karlskoga","10":"tag-musik","11":"tag-se","12":"tag-svenska","13":"tag-sverige","14":"tag-sweden","15":"tag-swedish","16":"tag-underhallning","17":"tag-varmlands-lan"},"share_on_mastodon":{"url":"https:\/\/pubeurope.com\/@se\/115718954884376424","error":""},"_links":{"self":[{"href":"https:\/\/www.europesays.com\/se\/wp-json\/wp\/v2\/posts\/105798","targetHints":{"allow":["GET"]}}],"collection":[{"href":"https:\/\/www.europesays.com\/se\/wp-json\/wp\/v2\/posts"}],"about":[{"href":"https:\/\/www.europesays.com\/se\/wp-json\/wp\/v2\/types\/post"}],"author":[{"embeddable":true,"href":"https:\/\/www.europesays.com\/se\/wp-json\/wp\/v2\/users\/2"}],"replies":[{"embeddable":true,"href":"https:\/\/www.europesays.com\/se\/wp-json\/wp\/v2\/comments?post=105798"}],"version-history":[{"count":0,"href":"https:\/\/www.europesays.com\/se\/wp-json\/wp\/v2\/posts\/105798\/revisions"}],"wp:featuredmedia":[{"embeddable":true,"href":"https:\/\/www.europesays.com\/se\/wp-json\/wp\/v2\/media\/105799"}],"wp:attachment":[{"href":"https:\/\/www.europesays.com\/se\/wp-json\/wp\/v2\/media?parent=105798"}],"wp:term":[{"taxonomy":"category","embeddable":true,"href":"https:\/\/www.europesays.com\/se\/wp-json\/wp\/v2\/categories?post=105798"},{"taxonomy":"post_tag","embeddable":true,"href":"https:\/\/www.europesays.com\/se\/wp-json\/wp\/v2\/tags?post=105798"}],"curies":[{"name":"wp","href":"https:\/\/api.w.org\/{rel}","templated":true}]}}