{"id":105804,"date":"2025-12-14T16:54:10","date_gmt":"2025-12-14T16:54:10","guid":{"rendered":"https:\/\/www.europesays.com\/se\/105804\/"},"modified":"2025-12-14T16:54:10","modified_gmt":"2025-12-14T16:54:10","slug":"lindelof-fran-start-villa-vande-och-vann","status":"publish","type":"post","link":"https:\/\/www.europesays.com\/se\/105804\/","title":{"rendered":"Lindel\u00f6f fr\u00e5n start \u2013 Villa v\u00e4nde och vann"},"content":{"rendered":"<p>share-arrowDela<\/p>\n<p>unsaveSpara<\/p>\n<p>expand-left<\/p>\n<p>helsk\u00e4rm<img decoding=\"async\" class=\"image-asset hyperion-css-u06ts1\" data-test-tag=\"image-asset\" src=\"https:\/\/www.europesays.com\/se\/wp-content\/uploads\/2025\/12\/5fcb41d3-07ef-4e0c-9f70-181f31f4fd83\"  alt=\"Victor Lindel\u00f6f har spelat tv\u00e5 hela matcher den h\u00e4r veckan.\"  loading=\"eager\" fetchpriority=\"high\" style=\"aspect-ratio:1900 \/ 1267\"\/>Victor Lindel\u00f6f har spelat tv\u00e5 hela matcher den h\u00e4r veckan. Foto: Georgios Kefalas\/AP\/TT<\/p>\n<p class=\"hyperion-css-1shl3oz\" data-test-tag=\"lead-text\">Victor Nilsson Lindel\u00f6f fick g\u00f6ra sin f\u00f6rsta Premier League-start f\u00f6r Aston Villa.<\/p>\n<p class=\"hyperion-css-1shl3oz\" data-test-tag=\"lead-text\">D\u00e5 blev Morgan Rogers matchhj\u00e4lte n\u00e4r West Ham bortabesegrades, 3\u20132.<\/p>\n<p class=\"hyperion-css-1v9qo5x\">Efter att Pau Torres skadade sig f\u00f6rra helgen har Victor Nilsson Lindel\u00f6f den h\u00e4r veckan f\u00e5tt starta tv\u00e5 raka matcher som mittback i Aston Villa.<\/p>\n<p class=\"hyperion-css-1v9qo5x\">2\u20131 mot Basel i Europa League f\u00f6ljdes p\u00e5 s\u00f6ndagen upp med 3\u20132 mot West Ham i Premier League \u2013 den nionde raka segern, alla t\u00e4vlingar inr\u00e4knade, f\u00f6r formstarka tabelltrean Aston Villa.<\/p>\n<p class=\"hyperion-css-1v9qo5x\">Birminghamklubben fick slita f\u00f6r trepo\u00e4ngaren i London, efter att Lindel\u00f6fs mittbackskollega Ezri Konsa haft en jobbig f\u00f6rsta halvlek. F\u00f6rst dr\u00e4llde han med bollen n\u00e4r West Ham gjorde 1\u20130 och vid hemmalagets 2\u20131 var det Konsa som upph\u00e4vde offsiden p\u00e5 m\u00e5lskytten Jarrod Bowen.<\/p>\n<p class=\"hyperion-css-1v9qo5x\">Aston Villa v\u00e4nde tack vare tv\u00e5 m\u00e5l av Morgan Rogers i andra halvlek. Lindel\u00f6f drev upp bollen och spelade fram till segerm\u00e5let, men det var Rogers som gjorde det stora jobbet n\u00e4r han snyggt borrade in 3\u20132 i 79:e minuten.<\/p>\n<p class=\"hyperion-css-1v9qo5x\">I Premier League-tabellen har Aston Villa tre po\u00e4ng upp till ettan Arsenal, och bara en po\u00e4ng till tv\u00e5an Manchester City som bortaslog Crystal Palace med 3\u20130 efter tv\u00e5 m\u00e5l av Erling Braut Haaland.<\/p>\n<p class=\"hyperion-css-1v9qo5x\">Victor Nilsson Lindel\u00f6f har tidigare bara f\u00e5tt spela totalt 25 minuter i Premier League sedan han kom till \u201dVilla\u201d, men att han nu f\u00e5r mer speltid l\u00e4r ocks\u00e5 gl\u00e4dja fotbollslandslagets f\u00f6rbundskapten Graham Potter. Han vill ha sin lagkapten i matchform n\u00e4r Sverige ska spela VM-playoff mot Ukraina den 26 mars.<\/p>\n","protected":false},"excerpt":{"rendered":"share-arrowDela unsaveSpara expand-left helsk\u00e4rmVictor Lindel\u00f6f har spelat tv\u00e5 hela matcher den h\u00e4r veckan. Foto: Georgios Kefalas\/AP\/TT Victor Nilsson&hellip;\n","protected":false},"author":2,"featured_media":105805,"comment_status":"","ping_status":"","sticky":false,"template":"","format":"standard","meta":{"footnotes":""},"categories":[5],"tags":[22,23,26,27,17,21,24,25,28,29,15,16,18,34,31,33,32,30,19,20],"class_list":{"0":"post-105804","1":"post","2":"type-post","3":"status-publish","4":"format-standard","5":"has-post-thumbnail","7":"category-rubriker","8":"tag-breaking-news","9":"tag-breakingnews","10":"tag-featured-news","11":"tag-featurednews","12":"tag-headlines","13":"tag-huvudnyheter","14":"tag-latest-news","15":"tag-latestnews","16":"tag-main-news","17":"tag-mainnews","18":"tag-news","19":"tag-nyheter","20":"tag-rubriker","21":"tag-se","22":"tag-svenska","23":"tag-sverige","24":"tag-sweden","25":"tag-swedish","26":"tag-top-stories","27":"tag-topstories"},"share_on_mastodon":{"url":"https:\/\/pubeurope.com\/@se\/115718970808977773","error":""},"_links":{"self":[{"href":"https:\/\/www.europesays.com\/se\/wp-json\/wp\/v2\/posts\/105804","targetHints":{"allow":["GET"]}}],"collection":[{"href":"https:\/\/www.europesays.com\/se\/wp-json\/wp\/v2\/posts"}],"about":[{"href":"https:\/\/www.europesays.com\/se\/wp-json\/wp\/v2\/types\/post"}],"author":[{"embeddable":true,"href":"https:\/\/www.europesays.com\/se\/wp-json\/wp\/v2\/users\/2"}],"replies":[{"embeddable":true,"href":"https:\/\/www.europesays.com\/se\/wp-json\/wp\/v2\/comments?post=105804"}],"version-history":[{"count":0,"href":"https:\/\/www.europesays.com\/se\/wp-json\/wp\/v2\/posts\/105804\/revisions"}],"wp:featuredmedia":[{"embeddable":true,"href":"https:\/\/www.europesays.com\/se\/wp-json\/wp\/v2\/media\/105805"}],"wp:attachment":[{"href":"https:\/\/www.europesays.com\/se\/wp-json\/wp\/v2\/media?parent=105804"}],"wp:term":[{"taxonomy":"category","embeddable":true,"href":"https:\/\/www.europesays.com\/se\/wp-json\/wp\/v2\/categories?post=105804"},{"taxonomy":"post_tag","embeddable":true,"href":"https:\/\/www.europesays.com\/se\/wp-json\/wp\/v2\/tags?post=105804"}],"curies":[{"name":"wp","href":"https:\/\/api.w.org\/{rel}","templated":true}]}}