{"id":105808,"date":"2025-12-14T16:59:12","date_gmt":"2025-12-14T16:59:12","guid":{"rendered":"https:\/\/www.europesays.com\/se\/105808\/"},"modified":"2025-12-14T16:59:12","modified_gmt":"2025-12-14T16:59:12","slug":"sa-manga-timmar-vill-chefen-att-du-jobbar-och-varfor","status":"publish","type":"post","link":"https:\/\/www.europesays.com\/se\/105808\/","title":{"rendered":"S\u00e5 m\u00e5nga timmar vill chefen att du jobbar \u2013 och varf\u00f6r"},"content":{"rendered":"<p>En chef som vill korta arbetsveckan prioriterar ofta balans, h\u00e4lsa eller kvalitet. Andra chefer ser l\u00e5nga dagar som ett bevis p\u00e5 arbetsmoral och lojalitet.  <\/p>\n<p>A question that reveals something about every boss\u2026<\/p>\n<p>Omni \u00e4r politiskt obundna och oberoende. Vi str\u00e4var efter att ge fler perspektiv p\u00e5 nyheterna. Har du fr\u00e5gor eller synpunkter kring v\u00e5r rapportering? <a href=\"https:\/\/omniekonomi.se\/sa-manga-timmar-vill-chefen-att-du-jobbar-och-varfor\/a\/mailto:eko@omni.se\" class=\"ArticleActions_contactLink__W2F1M\" rel=\"nofollow noopener\" target=\"_blank\">Kontakta redaktionen<\/a><\/p>\n","protected":false},"excerpt":{"rendered":"En chef som vill korta arbetsveckan prioriterar ofta balans, h\u00e4lsa eller kvalitet. Andra chefer ser l\u00e5nga dagar som&hellip;\n","protected":false},"author":2,"featured_media":105809,"comment_status":"","ping_status":"","sticky":false,"template":"","format":"standard","meta":{"footnotes":""},"categories":[65],"tags":[720,72,70,71,7017,332,3136,103,34,31,33,32,30,5036],"class_list":{"0":"post-105808","1":"post","2":"type-post","3":"status-publish","4":"format-standard","5":"has-post-thumbnail","7":"category-ekonomi","8":"tag-arbetsmarknad","9":"tag-business","10":"tag-economy","11":"tag-ekonomi","12":"tag-fordjupning","13":"tag-forskning-vetenskap","14":"tag-jobb-karriar","15":"tag-premium","16":"tag-se","17":"tag-svenska","18":"tag-sverige","19":"tag-sweden","20":"tag-swedish","21":"tag-the-economist"},"share_on_mastodon":{"url":"https:\/\/pubeurope.com\/@se\/115718990310940096","error":""},"_links":{"self":[{"href":"https:\/\/www.europesays.com\/se\/wp-json\/wp\/v2\/posts\/105808","targetHints":{"allow":["GET"]}}],"collection":[{"href":"https:\/\/www.europesays.com\/se\/wp-json\/wp\/v2\/posts"}],"about":[{"href":"https:\/\/www.europesays.com\/se\/wp-json\/wp\/v2\/types\/post"}],"author":[{"embeddable":true,"href":"https:\/\/www.europesays.com\/se\/wp-json\/wp\/v2\/users\/2"}],"replies":[{"embeddable":true,"href":"https:\/\/www.europesays.com\/se\/wp-json\/wp\/v2\/comments?post=105808"}],"version-history":[{"count":0,"href":"https:\/\/www.europesays.com\/se\/wp-json\/wp\/v2\/posts\/105808\/revisions"}],"wp:featuredmedia":[{"embeddable":true,"href":"https:\/\/www.europesays.com\/se\/wp-json\/wp\/v2\/media\/105809"}],"wp:attachment":[{"href":"https:\/\/www.europesays.com\/se\/wp-json\/wp\/v2\/media?parent=105808"}],"wp:term":[{"taxonomy":"category","embeddable":true,"href":"https:\/\/www.europesays.com\/se\/wp-json\/wp\/v2\/categories?post=105808"},{"taxonomy":"post_tag","embeddable":true,"href":"https:\/\/www.europesays.com\/se\/wp-json\/wp\/v2\/tags?post=105808"}],"curies":[{"name":"wp","href":"https:\/\/api.w.org\/{rel}","templated":true}]}}