{"id":105810,"date":"2025-12-14T17:01:08","date_gmt":"2025-12-14T17:01:08","guid":{"rendered":"https:\/\/www.europesays.com\/se\/105810\/"},"modified":"2025-12-14T17:01:08","modified_gmt":"2025-12-14T17:01:08","slug":"det-kanns-som-att-vi-bara-vantar-pa-en-terrorattack-kvartal","status":"publish","type":"post","link":"https:\/\/www.europesays.com\/se\/105810\/","title":{"rendered":"Det k\u00e4nns som att vi bara v\u00e4ntar p\u00e5 en terrorattack \u2013 Kvartal"},"content":{"rendered":"<p class=\"text-[17px] sm:text-[18px] leading-[1.5] font-cambon text-text-default-tertiary\">I kv\u00e4ll inleds chanukka. D\u00e5 minns vi mackab\u00e9ernas seger \u00f6ver den grekiska h\u00e4rskaren Antiochos, han som vanhelgade templet, m\u00f6rdade tusentals judar och f\u00f6rbj\u00f6d dem att ut\u00f6va sin religion. Judarna gjorde uppror och \u00e5terinvigde templet i Jerusalem. D\u00e4r skedde oljemiraklet. N\u00e4r templet skulle t\u00e4ndas r\u00e4ckte oljan bara f\u00f6r en dag, men mirakul\u00f6st nog brann den i \u00e5tta \u2013 tills ny olja kunde framst\u00e4llas. D\u00e4rf\u00f6r firar vi chanukka i \u00e5tta dagar och t\u00e4nder ett nytt ljus varje kv\u00e4ll i chanukkian.<\/p>\n","protected":false},"excerpt":{"rendered":"I kv\u00e4ll inleds chanukka. D\u00e5 minns vi mackab\u00e9ernas seger \u00f6ver den grekiska h\u00e4rskaren Antiochos, han som vanhelgade templet,&hellip;\n","protected":false},"author":2,"featured_media":105811,"comment_status":"","ping_status":"","sticky":false,"template":"","format":"standard","meta":{"footnotes":""},"categories":[12],"tags":[2334,22,23,26,27,17,21,24,25,28,29,15,16,18,34,31,33,32,30,4240,19,20],"class_list":{"0":"post-105810","1":"post","2":"type-post","3":"status-publish","4":"format-standard","5":"has-post-thumbnail","7":"category-sverige","8":"tag-antisemitism","9":"tag-breaking-news","10":"tag-breakingnews","11":"tag-featured-news","12":"tag-featurednews","13":"tag-headlines","14":"tag-huvudnyheter","15":"tag-latest-news","16":"tag-latestnews","17":"tag-main-news","18":"tag-mainnews","19":"tag-news","20":"tag-nyheter","21":"tag-rubriker","22":"tag-se","23":"tag-svenska","24":"tag-sverige","25":"tag-sweden","26":"tag-swedish","27":"tag-terrorism","28":"tag-top-stories","29":"tag-topstories"},"share_on_mastodon":{"url":"https:\/\/pubeurope.com\/@se\/115718998309193937","error":""},"_links":{"self":[{"href":"https:\/\/www.europesays.com\/se\/wp-json\/wp\/v2\/posts\/105810","targetHints":{"allow":["GET"]}}],"collection":[{"href":"https:\/\/www.europesays.com\/se\/wp-json\/wp\/v2\/posts"}],"about":[{"href":"https:\/\/www.europesays.com\/se\/wp-json\/wp\/v2\/types\/post"}],"author":[{"embeddable":true,"href":"https:\/\/www.europesays.com\/se\/wp-json\/wp\/v2\/users\/2"}],"replies":[{"embeddable":true,"href":"https:\/\/www.europesays.com\/se\/wp-json\/wp\/v2\/comments?post=105810"}],"version-history":[{"count":0,"href":"https:\/\/www.europesays.com\/se\/wp-json\/wp\/v2\/posts\/105810\/revisions"}],"wp:featuredmedia":[{"embeddable":true,"href":"https:\/\/www.europesays.com\/se\/wp-json\/wp\/v2\/media\/105811"}],"wp:attachment":[{"href":"https:\/\/www.europesays.com\/se\/wp-json\/wp\/v2\/media?parent=105810"}],"wp:term":[{"taxonomy":"category","embeddable":true,"href":"https:\/\/www.europesays.com\/se\/wp-json\/wp\/v2\/categories?post=105810"},{"taxonomy":"post_tag","embeddable":true,"href":"https:\/\/www.europesays.com\/se\/wp-json\/wp\/v2\/tags?post=105810"}],"curies":[{"name":"wp","href":"https:\/\/api.w.org\/{rel}","templated":true}]}}